{"id":255776,"date":"2022-05-26T13:38:46","date_gmt":"2022-05-26T10:38:46","guid":{"rendered":"http:\/\/107.6.182.27\/tr\/?p=255776"},"modified":"2022-05-28T08:58:30","modified_gmt":"2022-05-28T05:58:30","slug":"cumhurbaskani-esad-turistik-tesislerin-ruhsatlandirilmasi-ve-isletilmesine-iliskin-bir-karaname-cikardi","status":"publish","type":"post","link":"https:\/\/archive.sana.sy\/tr\/?p=255776","title":{"rendered":"Cumhurba\u015fkan\u0131 Esad, Turistik Tesislerin Ruhsatland\u0131r\u0131lmas\u0131 Ve \u0130\u015fletilmesine \u0130li\u015fkin Bir Karaname \u00c7\u0131kard\u0131"},"content":{"rendered":"<p>\u015eAM \u2013 Cumhurba\u015fkan\u0131 Be\u015far Esad, turizm hizmetlerinin kalitesinin art\u0131r\u0131lmas\u0131 ve denetlenmesi, ihlallerin kontrol alt\u0131na al\u0131nmas\u0131 ve cayd\u0131r\u0131lmas\u0131 ve ruhsats\u0131z turizm i\u015fletmelerinin durumlar\u0131n\u0131n ele al\u0131nmas\u0131na ili\u015fkin olarak devlet hazinesinin haklar\u0131n\u0131n tahsil edilmesi amac\u0131yla turizm tesislerinin ruhsatland\u0131r\u0131lmas\u0131 ve i\u015fletilmesine ili\u015fkin 2022 y\u0131l\u0131 23 say\u0131l\u0131 Kanun H\u00fckm\u00fcnde Karaname \u00e7\u0131kard\u0131.<\/p>\n","protected":false},"excerpt":{"rendered":"<p>\u015eAM \u2013 Cumhurba\u015fkan\u0131 Be\u015far Esad, turizm hizmetlerinin kalitesinin art\u0131r\u0131lmas\u0131 ve denetlenmesi, ihlallerin kontrol alt\u0131na al\u0131nmas\u0131 ve cayd\u0131r\u0131lmas\u0131 ve ruhsats\u0131z turizm i\u015fletmelerinin durumlar\u0131n\u0131n ele al\u0131nmas\u0131na ili\u015fkin olarak devlet hazinesinin haklar\u0131n\u0131n tahsil edilmesi amac\u0131yla turizm tesislerinin ruhsatland\u0131r\u0131lmas\u0131 ve i\u015fletilmesine ili\u015fkin 2022 y\u0131l\u0131 23 say\u0131l\u0131 Kanun H\u00fckm\u00fcnde Karaname \u00e7\u0131kard\u0131.<\/p>\n","protected":false},"author":36,"featured_media":255777,"comment_status":"closed","ping_status":"closed","sticky":false,"template":"","format":"standard","meta":{"footnotes":""},"categories":[479,605,17988,612,599,478],"tags":[],"class_list":["post-255776","post","type-post","status-publish","format-standard","has-post-thumbnail","","category-haberler-yerel","category-sayin-cumhurbaskani","category-son-haberler","category-yasama-kararnameler","category-yasama-ve-kanunlar","category-yerel"],"_links":{"self":[{"href":"https:\/\/archive.sana.sy\/tr\/index.php?rest_route=\/wp\/v2\/posts\/255776","targetHints":{"allow":["GET"]}}],"collection":[{"href":"https:\/\/archive.sana.sy\/tr\/index.php?rest_route=\/wp\/v2\/posts"}],"about":[{"href":"https:\/\/archive.sana.sy\/tr\/index.php?rest_route=\/wp\/v2\/types\/post"}],"author":[{"embeddable":true,"href":"https:\/\/archive.sana.sy\/tr\/index.php?rest_route=\/wp\/v2\/users\/36"}],"replies":[{"embeddable":true,"href":"https:\/\/archive.sana.sy\/tr\/index.php?rest_route=%2Fwp%2Fv2%2Fcomments&post=255776"}],"version-history":[{"count":0,"href":"https:\/\/archive.sana.sy\/tr\/index.php?rest_route=\/wp\/v2\/posts\/255776\/revisions"}],"wp:featuredmedia":[{"embeddable":true,"href":"https:\/\/archive.sana.sy\/tr\/index.php?rest_route=\/wp\/v2\/media\/255777"}],"wp:attachment":[{"href":"https:\/\/archive.sana.sy\/tr\/index.php?rest_route=%2Fwp%2Fv2%2Fmedia&parent=255776"}],"wp:term":[{"taxonomy":"category","embeddable":true,"href":"https:\/\/archive.sana.sy\/tr\/index.php?rest_route=%2Fwp%2Fv2%2Fcategories&post=255776"},{"taxonomy":"post_tag","embeddable":true,"href":"https:\/\/archive.sana.sy\/tr\/index.php?rest_route=%2Fwp%2Fv2%2Ftags&post=255776"}],"curies":[{"name":"wp","href":"https:\/\/api.w.org\/{rel}","templated":true}]}}