{"id":255780,"date":"2022-05-26T14:22:29","date_gmt":"2022-05-26T11:22:29","guid":{"rendered":"http:\/\/107.6.182.27\/tr\/?p=255780"},"modified":"2022-05-28T08:58:35","modified_gmt":"2022-05-28T05:58:35","slug":"dsg-milisleri-deyrezzor-kirsalina-baskin-duzenleyip-2-kisiyi-kacirdi","status":"publish","type":"post","link":"https:\/\/archive.sana.sy\/tr\/?p=255780","title":{"rendered":"DSG Milisleri, Deyrezzor K\u0131rsal\u0131na Bask\u0131n D\u00fczenleyip 2 Ki\u015fiyi Ka\u00e7\u0131rd\u0131"},"content":{"rendered":"<p>DEYREZZOR \u2013 Amerikan i\u015fgal g\u00fc\u00e7lerine ba\u011fl\u0131 &#8220;DSG&#8221; milisleri, Deyrezzor k\u0131rsal\u0131n\u0131n do\u011fusunda yer alan El \u015eafa kentine bask\u0131n d\u00fczenleyip iki sakinini ka\u00e7\u0131rd\u0131.<\/p>\n<p>Yerel kaynaklar SANA muhabirine yapt\u0131\u011f\u0131 a\u00e7\u0131klamada, &#8220;DSG&#8221; milislerine ait, a\u011f\u0131r silahl\u0131 militan\u0131 ta\u015f\u0131yan yirmi ara\u00e7, Deyrezzor k\u0131rsal\u0131nda yer alan El Bukamal b\u00f6lgesindeki El \u015eafa kentine makineli t\u00fcfeklerle ate\u015f ederek bask\u0131n d\u00fczenledi\u011fini belirtti.<\/p>\n<p>Kaynaklar, DSG milislerinin, iki ki\u015fiyi d\u00f6vd\u00fckten sonra ka\u00e7\u0131r\u0131p ve kelep\u00e7eli olarak yak\u0131ndaki karargahlar\u0131ndan birine g\u00f6t\u00fcrd\u00fc\u011f\u00fcne i\u015faret etti.<\/p>\n<p><a class=\"oajrlxb2 g5ia77u1 qu0x051f esr5mh6w e9989ue4 r7d6kgcz rq0escxv nhd2j8a9 nc684nl6 p7hjln8o kvgmc6g5 cxmmr5t8 oygrvhab hcukyx3x jb3vyjys rz4wbd8a qt6c0cv9 a8nywdso i1ao9s8h esuyzwwr f1sip0of lzcic4wl gpro0wi8 q66pz984 b1v8xokw\" tabindex=\"0\" role=\"link\" href=\"https:\/\/www.facebook.com\/hashtag\/telegram_kanal%C4%B1m%C4%B1z?__eep__=6&amp;__cft__[0]=AZWHUcL97MhBhUXFcXvxOYZaBVk8OlZgb2i5mw-vEEShrIaOhb5Gcze8HAKjIcL-5qkjnVzfbFLuRmnkf50RO83PFCEyCvmGy6Xh3v3ueWDAD69W6xV4Ak6CJkSpHNqVlScJG8pq48mCWMVeeXPNdDNp&amp;__tn__=*NK-R\">#Telegram_Kanal\u0131m\u0131z<\/a>:\u00a0<a class=\"oajrlxb2 g5ia77u1 qu0x051f esr5mh6w e9989ue4 r7d6kgcz rq0escxv nhd2j8a9 nc684nl6 p7hjln8o kvgmc6g5 cxmmr5t8 oygrvhab hcukyx3x jb3vyjys rz4wbd8a qt6c0cv9 a8nywdso i1ao9s8h esuyzwwr f1sip0of lzcic4wl gpro0wi8 py34i1dx\" tabindex=\"0\" role=\"link\" href=\"https:\/\/l.facebook.com\/l.php?u=https%3A%2F%2Ft.me%2FSuriyeArapHaberAjans%3Ffbclid%3DIwAR21XjKBkDd1j0lGAgLfxprdowikxuCBzUDKp658j6RRIFz88g4jUTQoRfQ&amp;h=AT0gs3593YAzSs-0eipt7XDScqhDWOJ8ai2aL--HPuvJ0trDqEX7rK8fQ3YSGMoIDYsTCiNFptPo2pFrcm4kjKaqQ8nV5cEFaX7d445onbMABH0L4VPVm45Tu1bcidpL5d4&amp;__tn__=-UK-R&amp;c[0]=AT01-FijJCxkbibNlkhcdnPhAiSAteWFs-YIc9j5hk1AIfEoy2IbkHoIiOtX9Tmt5dPH-Y5xbKwOgrucakt7aMmALkQ2pXr2sICbgep6ucN2O7AvghW8BvPGHmUUkPmQPRwJ13kO-o648YFBTgbsW4E9b4VzKvXrUAyilajHrY4Lmg\" target=\"_blank\" rel=\"nofollow noopener\">https:\/\/t.me\/SuriyeArapHaberAjans<\/a><\/p>\n<div id=\"gallery-1\" class=\"gallery galleryid-255753 gallery-columns-2 gallery-size-full\"><\/div>\n","protected":false},"excerpt":{"rendered":"<p>DEYREZZOR \u2013 Amerikan i\u015fgal g\u00fc\u00e7lerine ba\u011fl\u0131 &#8220;DSG&#8221; milisleri, Deyrezzor k\u0131rsal\u0131n\u0131n do\u011fusunda yer alan El \u015eafa kentine bask\u0131n d\u00fczenleyip iki sakinini ka\u00e7\u0131rd\u0131. Yerel kaynaklar SANA muhabirine yapt\u0131\u011f\u0131 a\u00e7\u0131klamada, &#8220;DSG&#8221; milislerine ait, a\u011f\u0131r silahl\u0131 militan\u0131 ta\u015f\u0131yan yirmi ara\u00e7, Deyrezzor k\u0131rsal\u0131nda yer alan El Bukamal b\u00f6lgesindeki El \u015eafa kentine makineli t\u00fcfeklerle ate\u015f ederek bask\u0131n d\u00fczenledi\u011fini belirtti. Kaynaklar, DSG &hellip;<\/p>\n","protected":false},"author":36,"featured_media":255781,"comment_status":"closed","ping_status":"closed","sticky":false,"template":"","format":"standard","meta":{"footnotes":""},"categories":[479,575,17988,478],"tags":[],"class_list":["post-255780","post","type-post","status-publish","format-standard","has-post-thumbnail","","category-haberler-yerel","category-olaylar-ve-gercekler","category-son-haberler","category-yerel"],"_links":{"self":[{"href":"https:\/\/archive.sana.sy\/tr\/index.php?rest_route=\/wp\/v2\/posts\/255780","targetHints":{"allow":["GET"]}}],"collection":[{"href":"https:\/\/archive.sana.sy\/tr\/index.php?rest_route=\/wp\/v2\/posts"}],"about":[{"href":"https:\/\/archive.sana.sy\/tr\/index.php?rest_route=\/wp\/v2\/types\/post"}],"author":[{"embeddable":true,"href":"https:\/\/archive.sana.sy\/tr\/index.php?rest_route=\/wp\/v2\/users\/36"}],"replies":[{"embeddable":true,"href":"https:\/\/archive.sana.sy\/tr\/index.php?rest_route=%2Fwp%2Fv2%2Fcomments&post=255780"}],"version-history":[{"count":0,"href":"https:\/\/archive.sana.sy\/tr\/index.php?rest_route=\/wp\/v2\/posts\/255780\/revisions"}],"wp:featuredmedia":[{"embeddable":true,"href":"https:\/\/archive.sana.sy\/tr\/index.php?rest_route=\/wp\/v2\/media\/255781"}],"wp:attachment":[{"href":"https:\/\/archive.sana.sy\/tr\/index.php?rest_route=%2Fwp%2Fv2%2Fmedia&parent=255780"}],"wp:term":[{"taxonomy":"category","embeddable":true,"href":"https:\/\/archive.sana.sy\/tr\/index.php?rest_route=%2Fwp%2Fv2%2Fcategories&post=255780"},{"taxonomy":"post_tag","embeddable":true,"href":"https:\/\/archive.sana.sy\/tr\/index.php?rest_route=%2Fwp%2Fv2%2Ftags&post=255780"}],"curies":[{"name":"wp","href":"https:\/\/api.w.org\/{rel}","templated":true}]}}