{"id":255793,"date":"2022-05-27T07:17:01","date_gmt":"2022-05-27T04:17:01","guid":{"rendered":"http:\/\/107.6.182.27\/tr\/?p=255793"},"modified":"2022-05-28T08:58:39","modified_gmt":"2022-05-28T05:58:39","slug":"dunya-saglik-cemiyeti-isgal-altindaki-suriye-golan-ve-isgal-edilen-filistin-topraklari-lehine-bir-karari-onayladi","status":"publish","type":"post","link":"https:\/\/archive.sana.sy\/tr\/?p=255793","title":{"rendered":"D\u00fcnya Sa\u011fl\u0131k Cemiyeti, \u0130\u015fgal Alt\u0131ndaki Suriye Golan ve \u0130\u015fgal Edilen Filistin Topraklar\u0131 Lehine Bir Karar\u0131 Onaylad\u0131"},"content":{"rendered":"<p>CENEVRE \u2013 D\u00fcnya Sa\u011fl\u0131k Cemiyeti, uluslararas\u0131 hukuk h\u00fck\u00fcmlerine uygun olarak i\u015fgal alt\u0131ndaki Suriye Golan halk\u0131na ve i\u015fgal edilen Topraklardaki Filistinlilere adil, g\u00fcvenli ve ayr\u0131mc\u0131 olmayan bir \u015fekilde zihinsel, fiziksel ve \u00e7evresel sa\u011fl\u0131k hizmetlerinin mevcudiyetinin ve COVID-19 a\u015f\u0131lar\u0131na eri\u015fimin sa\u011flanmas\u0131n\u0131n \u00f6nemini vurgulad\u0131.<\/p>\n<p>Bu, Meclis&#8217;in yetmi\u015f be\u015finci oturumunda, i\u015fgal alt\u0131ndaki Suriye Golan&#8217;\u0131 ve i\u015fgal edilen \u00a0Filistin topraklar\u0131 lehine, 14 muhalefete kar\u015f\u0131 77 oy devletin \u00e7oklu\u011fuyla \u201c\u0130\u015fgal Alt\u0131ndaki Suriye Golan ve \u0130\u015fgal Edilen Filistin Topraklar\u0131nda Sa\u011fl\u0131k Ko\u015fullar\u0131\u201d ba\u015fl\u0131kl\u0131 bir karar\u0131 kabul etmesi s\u0131ras\u0131nda geldi. \u00fcye devletler.<\/p>\n<p>Cemiyet, kapsaml\u0131 ve s\u00fcrd\u00fcr\u00fclebilir bir \u015fekilde yard\u0131m ve koruma sa\u011flayarak, i\u015fgal alt\u0131ndaki Suriye Golan ve i\u015fgal edilen Filistin topraklar\u0131ndaki insani sa\u011fl\u0131k m\u00fcdahale kapasitelerini desteklemek i\u00e7in di\u011fer Birle\u015fmi\u015f Milletler kurulu\u015flar\u0131yla ortakl\u0131klar\u0131 g\u00fc\u00e7lendirmeye devam etme ihtiyac\u0131na dikkat \u00e7ekti.<\/p>\n<p>Cemiyet ayr\u0131ca, i\u015fgal cezaevlerindeki mahkumlar\u0131n sa\u011fl\u0131k ihtiya\u00e7lar\u0131n\u0131n kar\u015f\u0131lanmas\u0131, Filistin sa\u011fl\u0131k sekt\u00f6r\u00fcn\u00fcn desteklenmesi ve i\u015fgal alt\u0131ndaki Golan&#8217;daki Suriyelilere sa\u011fl\u0131k alan\u0131nda teknik yard\u0131m sa\u011flanmas\u0131 gerekti\u011fine i\u015faret etti.<\/p>\n<p>Suriye&#8217;nin Cenevre&#8217;deki Birle\u015fmi\u015f Milletler ve di\u011fer uluslararas\u0131 kurulu\u015flar nezdindeki daimi temsilcisi B\u00fcy\u00fckel\u00e7i Husameddin Alaa, karar tasla\u011f\u0131n\u0131 oylamadan \u00f6nce yapt\u0131\u011f\u0131 konu\u015fmada, \u0130srail i\u015fgal makamlar\u0131n\u0131n i\u015fgal alt\u0131ndaki Suriye Golan&#8217;da dayatt\u0131\u011f\u0131 sistematik sald\u0131rgan uygulamalar\u0131n ve yerle\u015fim faaliyetlerinin Suriyelilerin ya\u015fam ko\u015fullar\u0131na zarar verdi\u011fine ve sa\u011fl\u0131k hakk\u0131 da dahil olmak \u00fczere temel insan haklar\u0131n\u0131 ihlal etti\u011fine dikkat \u00e7ekti.<\/p>\n<p>B\u00fcy\u00fckel\u00e7i Alaa, \u00f6rg\u00fct\u00fcn i\u015fgal alt\u0131ndaki Suriye Golan&#8217;daki vatanda\u015flar\u0131n\u0131n sa\u011fl\u0131k ko\u015fullar\u0131na ili\u015fkin bir saha de\u011ferlendirmesi yapma niyetini memnuniyetle kar\u015f\u0131layarak, &#8220;\u0130\u015fgal makamlar\u0131n\u0131n \u00f6rg\u00fct\u00fcn i\u015fgal alt\u0131ndaki Golan&#8217;a eri\u015fimine izin vermeyi reddetmesi, \u00f6rg\u00fct\u00fcn g\u00f6revlerini yerine getirme ve D\u00fcnya Sa\u011fl\u0131k Cemiyeti kararlar\u0131n\u0131 uygulamas\u0131n engellemektedir&#8221; dedi.<\/p>\n<p>B\u00fcy\u00fckel\u00e7i Alaa, \u00a0\u0130srail&#8217;in Filistin halk\u0131na y\u00f6nelik sald\u0131r\u0131lar\u0131n\u0131 k\u0131narken, i\u015fgalin yan\u0131lt\u0131c\u0131 kampanyalar ve yalanlar yayarak uluslararas\u0131 hukuku ve Birle\u015fmi\u015f Milletler ve D\u00fcnya Sa\u011fl\u0131k \u00d6rg\u00fct\u00fc kararlar\u0131n\u0131 ihlal etti\u011fi i\u00e7in sorumluluktan ka\u00e7mamas\u0131n\u0131n \u00f6nemini vurgulad\u0131.<\/p>\n<p><span style=\"color: #0000ff;\">#Telegram_Kanal\u0131m\u0131z: https:\/\/t.me\/SuriyeArapHaberAjans<\/span><\/p>\n<p>&nbsp;<\/p>\n","protected":false},"excerpt":{"rendered":"<p>CENEVRE \u2013 D\u00fcnya Sa\u011fl\u0131k Cemiyeti, uluslararas\u0131 hukuk h\u00fck\u00fcmlerine uygun olarak i\u015fgal alt\u0131ndaki Suriye Golan halk\u0131na ve i\u015fgal edilen Topraklardaki Filistinlilere adil, g\u00fcvenli ve ayr\u0131mc\u0131 olmayan bir \u015fekilde zihinsel, fiziksel ve \u00e7evresel sa\u011fl\u0131k hizmetlerinin mevcudiyetinin ve COVID-19 a\u015f\u0131lar\u0131na eri\u015fimin sa\u011flanmas\u0131n\u0131n \u00f6nemini vurgulad\u0131. Bu, Meclis&#8217;in yetmi\u015f be\u015finci oturumunda, i\u015fgal alt\u0131ndaki Suriye Golan&#8217;\u0131 ve i\u015fgal edilen \u00a0Filistin topraklar\u0131 &hellip;<\/p>\n","protected":false},"author":36,"featured_media":255794,"comment_status":"closed","ping_status":"closed","sticky":false,"template":"","format":"standard","meta":{"footnotes":""},"categories":[458,459,17988],"tags":[],"class_list":["post-255793","post","type-post","status-publish","format-standard","has-post-thumbnail","","category-dunya1","category-haberler-arap-uluslararasi-politika","category-son-haberler"],"_links":{"self":[{"href":"https:\/\/archive.sana.sy\/tr\/index.php?rest_route=\/wp\/v2\/posts\/255793","targetHints":{"allow":["GET"]}}],"collection":[{"href":"https:\/\/archive.sana.sy\/tr\/index.php?rest_route=\/wp\/v2\/posts"}],"about":[{"href":"https:\/\/archive.sana.sy\/tr\/index.php?rest_route=\/wp\/v2\/types\/post"}],"author":[{"embeddable":true,"href":"https:\/\/archive.sana.sy\/tr\/index.php?rest_route=\/wp\/v2\/users\/36"}],"replies":[{"embeddable":true,"href":"https:\/\/archive.sana.sy\/tr\/index.php?rest_route=%2Fwp%2Fv2%2Fcomments&post=255793"}],"version-history":[{"count":0,"href":"https:\/\/archive.sana.sy\/tr\/index.php?rest_route=\/wp\/v2\/posts\/255793\/revisions"}],"wp:featuredmedia":[{"embeddable":true,"href":"https:\/\/archive.sana.sy\/tr\/index.php?rest_route=\/wp\/v2\/media\/255794"}],"wp:attachment":[{"href":"https:\/\/archive.sana.sy\/tr\/index.php?rest_route=%2Fwp%2Fv2%2Fmedia&parent=255793"}],"wp:term":[{"taxonomy":"category","embeddable":true,"href":"https:\/\/archive.sana.sy\/tr\/index.php?rest_route=%2Fwp%2Fv2%2Fcategories&post=255793"},{"taxonomy":"post_tag","embeddable":true,"href":"https:\/\/archive.sana.sy\/tr\/index.php?rest_route=%2Fwp%2Fv2%2Ftags&post=255793"}],"curies":[{"name":"wp","href":"https:\/\/api.w.org\/{rel}","templated":true}]}}