{"id":255796,"date":"2022-05-27T07:28:13","date_gmt":"2022-05-27T04:28:13","guid":{"rendered":"http:\/\/107.6.182.27\/tr\/?p=255796"},"modified":"2022-05-28T08:58:42","modified_gmt":"2022-05-28T05:58:42","slug":"suriye-ve-abhazya-ikili-iliskileri-guclendirmenin-yollarini-tartisti","status":"publish","type":"post","link":"https:\/\/archive.sana.sy\/tr\/?p=255796","title":{"rendered":"Suriye ve Abhazya, \u0130kili \u0130li\u015fkileri G\u00fc\u00e7lendirmenin Yollar\u0131n\u0131 Tart\u0131\u015ft\u0131"},"content":{"rendered":"<p>\u015eAM \u2013 Ba\u015fbakan M\u00fch. H\u00fcseyin Arnus, Abhazya Cumhuriyeti Ba\u015fbakan Yard\u0131mc\u0131s\u0131 Ileg Bartsys ve beraberindeki heyet ile \u00f6\u011frenci de\u011fi\u015fimi ba\u015fta olmak \u00fczere \u00e7e\u015fitli ekonomik, ticari, k\u00fclt\u00fcrel, yat\u0131r\u0131m ve bilimsel alanlarda ikili ili\u015fkileri g\u00fc\u00e7lendirmenin ve ilerletmenin yollar\u0131n\u0131 g\u00f6r\u00fc\u015ft\u00fc.<\/p>\n<p>M\u00fchendis Arnus, bask\u0131lara kar\u015f\u0131 koymak, iki \u00fclkeye dayat\u0131lan ku\u015fatmay\u0131 k\u0131rmak ve iki dost halk\u0131n \u00e7\u0131karlar\u0131n\u0131 elde etmek i\u00e7in ortak komitenin \u00e7al\u0131\u015fmalar\u0131n\u0131 geli\u015ftirmek i\u00e7in i\u015fbirli\u011fini art\u0131rman\u0131n \u00f6nemini vurgulad\u0131.<\/p>\n<p>Ba\u015fbakan, ortak yat\u0131r\u0131m projeleri olu\u015fturmak, ticari borsalar\u0131n hacmini art\u0131rmak ve iki \u00fclke piyasalar\u0131n\u0131n \u00e7e\u015fitli gerekli malzeme ve emtia ihtiya\u00e7lar\u0131n\u0131 g\u00fcvence alt\u0131na almak i\u00e7in ekonomik faaliyetlerin te\u015fvik edilmesi gerekti\u011fine a\u00e7\u0131kl\u0131k getirdi.<\/p>\n<p>Abhazya Ba\u015fbakan Yard\u0131mc\u0131s\u0131 ise \u00fclkesinin Suriye ile i\u015fbirli\u011fi ufuklar\u0131n\u0131 geni\u015fletme ve ticaret al\u0131\u015fveri\u015fini art\u0131rma ve ortak ekonomik faaliyetleri harekete ge\u00e7irme arzusunu dile getirerek, Abhazya&#8217;daki bir\u00e7ok yat\u0131r\u0131mc\u0131n\u0131n Suriye&#8217;ye yat\u0131r\u0131m yapma arzusuna iaret etti.<\/p>\n<p><span style=\"color: #0000ff;\">#Telegram_Kanal\u0131m\u0131z: https:\/\/t.me\/SuriyeArapHaberAjans<\/span><\/p>\n","protected":false},"excerpt":{"rendered":"<p>\u015eAM \u2013 Ba\u015fbakan M\u00fch. H\u00fcseyin Arnus, Abhazya Cumhuriyeti Ba\u015fbakan Yard\u0131mc\u0131s\u0131 Ileg Bartsys ve beraberindeki heyet ile \u00f6\u011frenci de\u011fi\u015fimi ba\u015fta olmak \u00fczere \u00e7e\u015fitli ekonomik, ticari, k\u00fclt\u00fcrel, yat\u0131r\u0131m ve bilimsel alanlarda ikili ili\u015fkileri g\u00fc\u00e7lendirmenin ve ilerletmenin yollar\u0131n\u0131 g\u00f6r\u00fc\u015ft\u00fc. M\u00fchendis Arnus, bask\u0131lara kar\u015f\u0131 koymak, iki \u00fclkeye dayat\u0131lan ku\u015fatmay\u0131 k\u0131rmak ve iki dost halk\u0131n \u00e7\u0131karlar\u0131n\u0131 elde etmek i\u00e7in ortak &hellip;<\/p>\n","protected":false},"author":36,"featured_media":255797,"comment_status":"closed","ping_status":"closed","sticky":false,"template":"","format":"standard","meta":{"footnotes":""},"categories":[479,17988,478],"tags":[],"class_list":["post-255796","post","type-post","status-publish","format-standard","has-post-thumbnail","","category-haberler-yerel","category-son-haberler","category-yerel"],"_links":{"self":[{"href":"https:\/\/archive.sana.sy\/tr\/index.php?rest_route=\/wp\/v2\/posts\/255796","targetHints":{"allow":["GET"]}}],"collection":[{"href":"https:\/\/archive.sana.sy\/tr\/index.php?rest_route=\/wp\/v2\/posts"}],"about":[{"href":"https:\/\/archive.sana.sy\/tr\/index.php?rest_route=\/wp\/v2\/types\/post"}],"author":[{"embeddable":true,"href":"https:\/\/archive.sana.sy\/tr\/index.php?rest_route=\/wp\/v2\/users\/36"}],"replies":[{"embeddable":true,"href":"https:\/\/archive.sana.sy\/tr\/index.php?rest_route=%2Fwp%2Fv2%2Fcomments&post=255796"}],"version-history":[{"count":0,"href":"https:\/\/archive.sana.sy\/tr\/index.php?rest_route=\/wp\/v2\/posts\/255796\/revisions"}],"wp:featuredmedia":[{"embeddable":true,"href":"https:\/\/archive.sana.sy\/tr\/index.php?rest_route=\/wp\/v2\/media\/255797"}],"wp:attachment":[{"href":"https:\/\/archive.sana.sy\/tr\/index.php?rest_route=%2Fwp%2Fv2%2Fmedia&parent=255796"}],"wp:term":[{"taxonomy":"category","embeddable":true,"href":"https:\/\/archive.sana.sy\/tr\/index.php?rest_route=%2Fwp%2Fv2%2Fcategories&post=255796"},{"taxonomy":"post_tag","embeddable":true,"href":"https:\/\/archive.sana.sy\/tr\/index.php?rest_route=%2Fwp%2Fv2%2Ftags&post=255796"}],"curies":[{"name":"wp","href":"https:\/\/api.w.org\/{rel}","templated":true}]}}