{"id":255862,"date":"2022-05-28T11:42:22","date_gmt":"2022-05-28T08:42:22","guid":{"rendered":"http:\/\/107.6.182.27\/tr\/?p=255862"},"modified":"2022-05-29T10:33:21","modified_gmt":"2022-05-29T07:33:21","slug":"halepte-turk-isgalini-ve-saldirilarini-reddetmek-icin-buyuk-protesto-gosterisi-duzenlendi","status":"publish","type":"post","link":"https:\/\/archive.sana.sy\/tr\/?p=255862","title":{"rendered":"Halep&#8217;te T\u00fcrk \u0130\u015fgalini Ve Sald\u0131r\u0131lar\u0131n\u0131 Reddetmek \u0130\u00e7in B\u00fcy\u00fck Protesto G\u00f6sterisi D\u00fczenlendi"},"content":{"rendered":"<p style=\"text-align: justify;\">HALEP \u2013 Halep \u015fehri bug\u00fcn, T\u00fcrk i\u015fgalini ve Suriye\u2019nin kuzeyindeki g\u00fcvenli b\u00f6lgelere tekrarlanan sald\u0131r\u0131lar\u0131n\u0131 ve k\u00f6t\u00fc niyetli planlar\u0131n\u0131 reddetmek i\u00e7in Saadallah el Cabiri Meydan\u0131\u2019nda protesto g\u00f6sterisi d\u00fczenlendi.<\/p>\n<p style=\"text-align: justify;\">Halep kentindeki Saadullah Al Cabiri Meydan\u0131&#8217;nda ve kuzey k\u0131rsal\u0131ndaki Tel Raf&#8217;at&#8217;\u0131n merkezinde toplanan vatanda\u015flar, ulusal bayraklar ve pankartlar ta\u015f\u0131yarak, t\u00fcm Suriye topraklar\u0131ndan derhal \u00e7\u0131k\u0131\u015f ve uluslararas\u0131 yasalara ve Suriyeliler&#8217;in iradesine riayet \u00e7a\u011fr\u0131s\u0131nda bulundu.<\/p>\n<p style=\"text-align: justify;\">Kuzey k\u0131rsal\u0131nda, y\u00fczlerce Tel Raf&#8217;at sakini ve kom\u015fu k\u00f6yler toplanarak, ordunun kahramanl\u0131\u011f\u0131n\u0131 y\u00fccelten, T\u00fcrk i\u015fgalci ve paral\u0131 kiral\u0131klar\u0131 taraf\u0131ndan b\u00f6lgenin ter\u00f6r \u00f6rg\u00fctleri taraf\u0131ndan s\u00fcrekli bombalanmas\u0131n\u0131, sald\u0131rganl\u0131k ara\u00e7lar\u0131n\u0131 ve Suriye topraklar\u0131nda Osmanl\u0131 planlar\u0131n\u0131n ve yenilenen emellerinin uygulanmas\u0131n\u0131 k\u0131nayan sloganlar att\u0131lar.<\/p>\n<p style=\"text-align: justify;\">Kat\u0131l\u0131mc\u0131lar, Suriye topraklar\u0131n\u0131n birli\u011fine ve devletin t\u00fcm Cumhuriyet topraklar\u0131 \u00fczerindeki egemenli\u011fine vurgu yaparak, \u00fclkenin tamam\u0131 ter\u00f6r lekesinden temizlenene kadar Suriye Arap Ordusuna desteklerini vurgulad\u0131.<\/p>\n<p style=\"text-align: justify;\">Bu n\u00f6bete kat\u0131lmak i\u00e7in Saadallah Meydan\u0131&#8217;na gelen Al Bumsara a\u015firetinden Ahmed Al Salim SANA muhabirinin kendisiyle yapt\u0131\u011f\u0131 r\u00f6portajda, Halep halk\u0131n\u0131n t\u00fcm yelpazesiyle T\u00fcrk d\u00fc\u015fman\u0131 ve kiral\u0131klar\u0131 kar\u015f\u0131s\u0131nda durdu\u011funu, Amerikan i\u015fgal g\u00fc\u00e7leri taraf\u0131ndan desteklenen \u201cDSG&#8221; milislerinin uygulamalar\u0131n\u0131 k\u0131nad\u0131klar\u0131n\u0131 ve Suriye&#8217;ye her t\u00fcrl\u00fc m\u00fcdahaleyi reddettiklerini vurgulad\u0131.<\/p>\n<p style=\"text-align: justify;\">Abbud Al \u0130sa, d\u00fcnyaya Suriye topraklar\u0131ndaki T\u00fcrk varl\u0131\u011f\u0131n\u0131 reddeden ve herhangi bir d\u0131\u015f m\u00fcdahaleyi k\u0131nayan net bir mesaj g\u00f6ndermek i\u00e7in bu duru\u015fun \u00f6nemini a\u00e7\u0131klad\u0131 ve halk\u0131n ordu ve liderlikle olan uyumunun, egemenli\u011fini ve toprak b\u00fct\u00fcnl\u00fc\u011f\u00fcn\u00fc savunmak i\u00e7in g\u00fc\u00e7l\u00fc birle\u015fik bir Suriye&#8217;yi daha da g\u00fc\u00e7lendirdi\u011fini vurgulad\u0131.<\/p>\n<p style=\"text-align: justify;\">Muhammed Yahya Ka&#8217;dan, Suriye halk\u0131n\u0131n t\u00fcm mezhepleri ile T\u00fcrk i\u015fgal g\u00fc\u00e7lerinin varl\u0131\u011f\u0131n\u0131 reddetti\u011fini ve b\u00f6lgeye m\u00fcdahalelerini k\u0131nad\u0131\u011f\u0131n\u0131, halk\u0131m\u0131z\u0131n Suriye&#8217;yi b\u00f6lmeye ve kaos yaratmaya y\u00f6nelik t\u00fcm sald\u0131rganl\u0131k giri\u015fimlerine t\u00fcm kararl\u0131l\u0131kla kar\u015f\u0131 \u00e7\u0131kaca\u011f\u0131n\u0131 a\u00e7\u0131klayarak, \u00fclkenin kuzey k\u0131rsal\u0131nda hak sahibi oldu\u011fumuz i\u00e7in zaferin m\u00fcttefikimiz olaca\u011f\u0131n\u0131 vurgulad\u0131.<\/p>\n<p style=\"text-align: justify;\"><span style=\"color: #0000ff;\">#Telegram_Kanal\u0131m\u0131z: https:\/\/t.me\/SuriyeArapHaberAjans<\/span><\/p>\n<div id='gallery-1' class='gallery galleryid-255862 gallery-columns-1 gallery-size-full'><figure class='gallery-item'>\n\t\t\t<div class='gallery-icon landscape'>\n\t\t\t\t<a href='https:\/\/archive.sana.sy\/tr\/wp-content\/uploads\/2022\/05\/8-85.jpg'><img loading=\"lazy\" decoding=\"async\" width=\"660\" height=\"378\" src=\"https:\/\/archive.sana.sy\/tr\/wp-content\/uploads\/2022\/05\/8-85.jpg\" class=\"attachment-full size-full\" alt=\"\" srcset=\"https:\/\/archive.sana.sy\/tr\/wp-content\/uploads\/2022\/05\/8-85.jpg 660w, https:\/\/archive.sana.sy\/tr\/wp-content\/uploads\/2022\/05\/8-85-300x172.jpg 300w, https:\/\/archive.sana.sy\/tr\/wp-content\/uploads\/2022\/05\/8-85-150x86.jpg 150w\" sizes=\"auto, (max-width: 660px) 100vw, 660px\" \/><\/a>\n\t\t\t<\/div><\/figure><figure class='gallery-item'>\n\t\t\t<div class='gallery-icon landscape'>\n\t\t\t\t<a href='https:\/\/archive.sana.sy\/tr\/wp-content\/uploads\/2022\/05\/9-83.jpg'><img loading=\"lazy\" decoding=\"async\" width=\"660\" height=\"317\" src=\"https:\/\/archive.sana.sy\/tr\/wp-content\/uploads\/2022\/05\/9-83.jpg\" class=\"attachment-full size-full\" alt=\"\" srcset=\"https:\/\/archive.sana.sy\/tr\/wp-content\/uploads\/2022\/05\/9-83.jpg 660w, https:\/\/archive.sana.sy\/tr\/wp-content\/uploads\/2022\/05\/9-83-300x144.jpg 300w, https:\/\/archive.sana.sy\/tr\/wp-content\/uploads\/2022\/05\/9-83-150x72.jpg 150w\" sizes=\"auto, (max-width: 660px) 100vw, 660px\" \/><\/a>\n\t\t\t<\/div><\/figure><figure class='gallery-item'>\n\t\t\t<div class='gallery-icon landscape'>\n\t\t\t\t<a href='https:\/\/archive.sana.sy\/tr\/wp-content\/uploads\/2022\/05\/10-95.jpg'><img loading=\"lazy\" decoding=\"async\" width=\"660\" height=\"320\" src=\"https:\/\/archive.sana.sy\/tr\/wp-content\/uploads\/2022\/05\/10-95.jpg\" class=\"attachment-full size-full\" alt=\"\" srcset=\"https:\/\/archive.sana.sy\/tr\/wp-content\/uploads\/2022\/05\/10-95.jpg 660w, https:\/\/archive.sana.sy\/tr\/wp-content\/uploads\/2022\/05\/10-95-300x145.jpg 300w, https:\/\/archive.sana.sy\/tr\/wp-content\/uploads\/2022\/05\/10-95-150x73.jpg 150w\" sizes=\"auto, (max-width: 660px) 100vw, 660px\" \/><\/a>\n\t\t\t<\/div><\/figure><figure class='gallery-item'>\n\t\t\t<div class='gallery-icon landscape'>\n\t\t\t\t<a href='https:\/\/archive.sana.sy\/tr\/wp-content\/uploads\/2022\/05\/11-101.jpg'><img loading=\"lazy\" decoding=\"async\" width=\"660\" height=\"364\" src=\"https:\/\/archive.sana.sy\/tr\/wp-content\/uploads\/2022\/05\/11-101.jpg\" class=\"attachment-full size-full\" alt=\"\" srcset=\"https:\/\/archive.sana.sy\/tr\/wp-content\/uploads\/2022\/05\/11-101.jpg 660w, https:\/\/archive.sana.sy\/tr\/wp-content\/uploads\/2022\/05\/11-101-300x165.jpg 300w, https:\/\/archive.sana.sy\/tr\/wp-content\/uploads\/2022\/05\/11-101-150x83.jpg 150w\" sizes=\"auto, (max-width: 660px) 100vw, 660px\" \/><\/a>\n\t\t\t<\/div><\/figure>\n\t\t<\/div>\n\n","protected":false},"excerpt":{"rendered":"<p>HALEP \u2013 Halep \u015fehri bug\u00fcn, T\u00fcrk i\u015fgalini ve Suriye\u2019nin kuzeyindeki g\u00fcvenli b\u00f6lgelere tekrarlanan sald\u0131r\u0131lar\u0131n\u0131 ve k\u00f6t\u00fc niyetli planlar\u0131n\u0131 reddetmek i\u00e7in Saadallah el Cabiri Meydan\u0131\u2019nda protesto g\u00f6sterisi d\u00fczenlendi. Halep kentindeki Saadullah Al Cabiri Meydan\u0131&#8217;nda ve kuzey k\u0131rsal\u0131ndaki Tel Raf&#8217;at&#8217;\u0131n merkezinde toplanan vatanda\u015flar, ulusal bayraklar ve pankartlar ta\u015f\u0131yarak, t\u00fcm Suriye topraklar\u0131ndan derhal \u00e7\u0131k\u0131\u015f ve uluslararas\u0131 yasalara ve &hellip;<\/p>\n","protected":false},"author":36,"featured_media":255867,"comment_status":"closed","ping_status":"closed","sticky":false,"template":"","format":"standard","meta":{"footnotes":""},"categories":[596,479,17988,478],"tags":[],"class_list":["post-255862","post","type-post","status-publish","format-standard","has-post-thumbnail","","category-fotografli-raporlar","category-haberler-yerel","category-son-haberler","category-yerel"],"_links":{"self":[{"href":"https:\/\/archive.sana.sy\/tr\/index.php?rest_route=\/wp\/v2\/posts\/255862","targetHints":{"allow":["GET"]}}],"collection":[{"href":"https:\/\/archive.sana.sy\/tr\/index.php?rest_route=\/wp\/v2\/posts"}],"about":[{"href":"https:\/\/archive.sana.sy\/tr\/index.php?rest_route=\/wp\/v2\/types\/post"}],"author":[{"embeddable":true,"href":"https:\/\/archive.sana.sy\/tr\/index.php?rest_route=\/wp\/v2\/users\/36"}],"replies":[{"embeddable":true,"href":"https:\/\/archive.sana.sy\/tr\/index.php?rest_route=%2Fwp%2Fv2%2Fcomments&post=255862"}],"version-history":[{"count":0,"href":"https:\/\/archive.sana.sy\/tr\/index.php?rest_route=\/wp\/v2\/posts\/255862\/revisions"}],"wp:featuredmedia":[{"embeddable":true,"href":"https:\/\/archive.sana.sy\/tr\/index.php?rest_route=\/wp\/v2\/media\/255867"}],"wp:attachment":[{"href":"https:\/\/archive.sana.sy\/tr\/index.php?rest_route=%2Fwp%2Fv2%2Fmedia&parent=255862"}],"wp:term":[{"taxonomy":"category","embeddable":true,"href":"https:\/\/archive.sana.sy\/tr\/index.php?rest_route=%2Fwp%2Fv2%2Fcategories&post=255862"},{"taxonomy":"post_tag","embeddable":true,"href":"https:\/\/archive.sana.sy\/tr\/index.php?rest_route=%2Fwp%2Fv2%2Ftags&post=255862"}],"curies":[{"name":"wp","href":"https:\/\/api.w.org\/{rel}","templated":true}]}}