{"id":255871,"date":"2022-05-28T19:33:27","date_gmt":"2022-05-28T16:33:27","guid":{"rendered":"https:\/\/107.6.182.27\/tr\/?p=255871"},"modified":"2022-05-29T08:23:27","modified_gmt":"2022-05-29T05:23:27","slug":"hasekedeki-arap-asiret-ve-asiretlerinin-ileri-gelenleri-ve-seyhler-konseyi-turk-rejiminin-tehditlerini-kiniyor","status":"publish","type":"post","link":"https:\/\/archive.sana.sy\/tr\/?p=255871","title":{"rendered":"Haseke&#8217;deki Arap A\u015firet Ve A\u015firetlerinin \u0130leri Gelenleri Ve \u015eeyhler Konseyi T\u00fcrk Rejiminin Tehditlerini K\u0131n\u0131yor"},"content":{"rendered":"<p style=\"text-align: justify;\">HASEKE &#8211; Arap a\u015firet ve kabilelerinin ileri gelenleri ve \u015eeyhler meclisi, T\u00fcrk i\u015fgal kuvvetleri ve kiral\u0131klar\u0131n\u0131n Suriye topraklar\u0131na yeni bir sald\u0131r\u0131 ba\u015flatmak i\u00e7in ger\u00e7ekle\u015ftirdi\u011fi askeri tehditleri, uygulamalar\u0131 ve canice sald\u0131r\u0131lar\u0131 ile Suriye&#8217;nin kuzeyindeki k\u00f6t\u00fc niyetli planlar\u0131n\u0131 \u015fiddetle k\u0131nad\u0131.<\/p>\n<p style=\"text-align: justify;\">Bir n\u00fcshas\u0131 SANA&#8217;ya ula\u015fan konseyden yap\u0131lan a\u00e7\u0131klamada, &#8220;Barbar Turani Erdo\u011fan, yay\u0131lmac\u0131 emellerini ger\u00e7ekle\u015ftirmek ve baz\u0131 b\u00f6lgeleri i\u015fgal etmek i\u00e7in ordusunu ve ucuz \u00e7etelerini Suriye&#8217;nin baz\u0131 topraklar\u0131na yeni bir sald\u0131r\u0131 ba\u015flatmaya haz\u0131rl\u0131yor&#8221; diye geldi.<\/p>\n<p style=\"text-align: justify;\">A\u00e7\u0131klamada: &#8220;Kasap Erdo\u011fan, Suriye topraklar\u0131n\u0131n baz\u0131 k\u0131s\u0131mlar\u0131n\u0131 i\u015fgal etmeyi ama\u00e7layan ve Suriye ve vatanda\u015flar\u0131n\u0131n hesab\u0131na neo-Osmanl\u0131lar \u00e7\u0131kar\u0131na demografik de\u011fi\u015fim getirmeyi ama\u00e7layan s\u00f6zde (g\u00fcvenli b\u00f6lge) diyeadland\u0131rd\u0131\u011f\u0131 b\u00f6lgeyi kurarak sefil Osmanl\u0131 hayallerini ger\u00e7ekle\u015ftirmek i\u00e7in askeri planlar yap\u0131yor&#8221; dedi.<\/p>\n<p style=\"text-align: justify;\">A\u00e7\u0131klamada, Arap a\u015firet ve kabilelerinin ileri gelenleriyle \u015eeyhler konseyi, T\u00fcrk i\u015fgal g\u00fc\u00e7leri ve \u00e7eteleri taraf\u0131ndan ger\u00e7ekle\u015ftirilen bu tehditleri, uygulamalar\u0131 ve canice sald\u0131r\u0131lar\u0131 \u015fiddetle k\u0131nad\u0131\u011f\u0131na i\u015faret edilerek, T\u00fcrk i\u015fgalcinin bu milislerin onu savunamamas\u0131 ve koruyamamas\u0131 nedeniyle kemirdi\u011fi Afrin, Tel Abyad, Rasul Ayn ve di\u011fer co\u011frafya trajedisinin tekrarlanmamas\u0131 i\u00e7in (DSG milis liderlerini) yeni siyasi ve sahay\u0131 okumaya \u00e7a\u011f\u0131rd\u0131.<\/p>\n<p style=\"text-align: justify;\">A\u00e7\u0131klamada: &#8221; Arap a\u015firet ve kabilelerinin ileri gelenleriyle \u015eeyhler konseyi, bu \u00e7a\u011fr\u0131y\u0131 Suriye kan\u0131 ve Suriye co\u011frafyas\u0131na y\u00f6nelik endi\u015fesinden hareketle, Erdo\u011fan&#8217;a \u00e7irkef emellerine ula\u015fmas\u0131 i\u00e7in gerek\u00e7eler verenlere tarihi sorumluluk y\u00fcklediklerini, i\u015fgal ve avaneleriyle \u015fu ya da bu \u015fekilde su\u00e7 orta\u011f\u0131 oldu\u011funu sayarak, halk\u0131m\u0131z evlatlar\u0131na onlardan er ya da ge\u00e7 hesap sorma hakk\u0131n\u0131 verdi\u011fini&#8221; vurgulad\u0131.<\/p>\n<p style=\"text-align: justify;\">\n","protected":false},"excerpt":{"rendered":"<p>HASEKE &#8211; Arap a\u015firet ve kabilelerinin ileri gelenleri ve \u015eeyhler meclisi, T\u00fcrk i\u015fgal kuvvetleri ve kiral\u0131klar\u0131n\u0131n Suriye topraklar\u0131na yeni bir sald\u0131r\u0131 ba\u015flatmak i\u00e7in ger\u00e7ekle\u015ftirdi\u011fi askeri tehditleri, uygulamalar\u0131 ve canice sald\u0131r\u0131lar\u0131 ile Suriye&#8217;nin kuzeyindeki k\u00f6t\u00fc niyetli planlar\u0131n\u0131 \u015fiddetle k\u0131nad\u0131. Bir n\u00fcshas\u0131 SANA&#8217;ya ula\u015fan konseyden yap\u0131lan a\u00e7\u0131klamada, &#8220;Barbar Turani Erdo\u011fan, yay\u0131lmac\u0131 emellerini ger\u00e7ekle\u015ftirmek ve baz\u0131 b\u00f6lgeleri i\u015fgal &hellip;<\/p>\n","protected":false},"author":1,"featured_media":255872,"comment_status":"closed","ping_status":"closed","sticky":false,"template":"","format":"standard","meta":{"footnotes":""},"categories":[17988,2555],"tags":[],"class_list":["post-255871","post","type-post","status-publish","format-standard","has-post-thumbnail","","category-son-haberler","category-suriye-ve-turkiye"],"_links":{"self":[{"href":"https:\/\/archive.sana.sy\/tr\/index.php?rest_route=\/wp\/v2\/posts\/255871","targetHints":{"allow":["GET"]}}],"collection":[{"href":"https:\/\/archive.sana.sy\/tr\/index.php?rest_route=\/wp\/v2\/posts"}],"about":[{"href":"https:\/\/archive.sana.sy\/tr\/index.php?rest_route=\/wp\/v2\/types\/post"}],"author":[{"embeddable":true,"href":"https:\/\/archive.sana.sy\/tr\/index.php?rest_route=\/wp\/v2\/users\/1"}],"replies":[{"embeddable":true,"href":"https:\/\/archive.sana.sy\/tr\/index.php?rest_route=%2Fwp%2Fv2%2Fcomments&post=255871"}],"version-history":[{"count":0,"href":"https:\/\/archive.sana.sy\/tr\/index.php?rest_route=\/wp\/v2\/posts\/255871\/revisions"}],"wp:featuredmedia":[{"embeddable":true,"href":"https:\/\/archive.sana.sy\/tr\/index.php?rest_route=\/wp\/v2\/media\/255872"}],"wp:attachment":[{"href":"https:\/\/archive.sana.sy\/tr\/index.php?rest_route=%2Fwp%2Fv2%2Fmedia&parent=255871"}],"wp:term":[{"taxonomy":"category","embeddable":true,"href":"https:\/\/archive.sana.sy\/tr\/index.php?rest_route=%2Fwp%2Fv2%2Fcategories&post=255871"},{"taxonomy":"post_tag","embeddable":true,"href":"https:\/\/archive.sana.sy\/tr\/index.php?rest_route=%2Fwp%2Fv2%2Ftags&post=255871"}],"curies":[{"name":"wp","href":"https:\/\/api.w.org\/{rel}","templated":true}]}}