{"id":255874,"date":"2022-05-28T19:34:36","date_gmt":"2022-05-28T16:34:36","guid":{"rendered":"https:\/\/107.6.182.27\/tr\/?p=255874"},"modified":"2022-05-29T08:23:48","modified_gmt":"2022-05-29T05:23:48","slug":"ipek-elcileri-samdaki-esad-pasa-haninda","status":"publish","type":"post","link":"https:\/\/archive.sana.sy\/tr\/?p=255874","title":{"rendered":"\u0130pek El\u00e7ileri \u015eam&#8217;daki Es&#8217;ad Pa\u015fa Han\u0131nda"},"content":{"rendered":"<p style=\"text-align: justify;\">\u015eAM &#8211; Suriye&#8217;de Ulusal Turizmi Geli\u015ftirme Derne\u011fi, Turizm ve K\u00fclt\u00fcr Bakanl\u0131klar\u0131 ile i\u015fbirli\u011fi i\u00e7inde bug\u00fcn \u015eam&#8217;daki Es&#8217;ad Pa\u015fa Han\u0131&#8217;nda &#8220;\u0130pek El\u00e7ileri&#8221; sergisinin a\u00e7\u0131l\u0131\u015f\u0131n\u0131 yapt\u0131.<\/p>\n<p style=\"text-align: justify;\">Sergi, miras mesle\u011fini yok olmaktan korumak ve sanayisini geli\u015ftirmek amac\u0131yla profesyonelle\u015ftirmek i\u00e7in (Sarr El Kazz) ad\u0131 alt\u0131nda \u00e7e\u015fitli valiliklerden e\u011fitim alan kad\u0131nlar\u0131n \u00fcretti\u011fi ipekten giysi ve \u015fal gibi \u00fcr\u00fcnleri i\u00e7eriyor.<\/p>\n<p style=\"text-align: justify;\">\n","protected":false},"excerpt":{"rendered":"<p>\u015eAM &#8211; Suriye&#8217;de Ulusal Turizmi Geli\u015ftirme Derne\u011fi, Turizm ve K\u00fclt\u00fcr Bakanl\u0131klar\u0131 ile i\u015fbirli\u011fi i\u00e7inde bug\u00fcn \u015eam&#8217;daki Es&#8217;ad Pa\u015fa Han\u0131&#8217;nda &#8220;\u0130pek El\u00e7ileri&#8221; sergisinin a\u00e7\u0131l\u0131\u015f\u0131n\u0131 yapt\u0131. Sergi, miras mesle\u011fini yok olmaktan korumak ve sanayisini geli\u015ftirmek amac\u0131yla profesyonelle\u015ftirmek i\u00e7in (Sarr El Kazz) ad\u0131 alt\u0131nda \u00e7e\u015fitli valiliklerden e\u011fitim alan kad\u0131nlar\u0131n \u00fcretti\u011fi ipekten giysi ve \u015fal gibi \u00fcr\u00fcnleri i\u00e7eriyor.<\/p>\n","protected":false},"author":1,"featured_media":255875,"comment_status":"closed","ping_status":"closed","sticky":false,"template":"","format":"standard","meta":{"footnotes":""},"categories":[479,17988,478],"tags":[],"class_list":["post-255874","post","type-post","status-publish","format-standard","has-post-thumbnail","","category-haberler-yerel","category-son-haberler","category-yerel"],"_links":{"self":[{"href":"https:\/\/archive.sana.sy\/tr\/index.php?rest_route=\/wp\/v2\/posts\/255874","targetHints":{"allow":["GET"]}}],"collection":[{"href":"https:\/\/archive.sana.sy\/tr\/index.php?rest_route=\/wp\/v2\/posts"}],"about":[{"href":"https:\/\/archive.sana.sy\/tr\/index.php?rest_route=\/wp\/v2\/types\/post"}],"author":[{"embeddable":true,"href":"https:\/\/archive.sana.sy\/tr\/index.php?rest_route=\/wp\/v2\/users\/1"}],"replies":[{"embeddable":true,"href":"https:\/\/archive.sana.sy\/tr\/index.php?rest_route=%2Fwp%2Fv2%2Fcomments&post=255874"}],"version-history":[{"count":0,"href":"https:\/\/archive.sana.sy\/tr\/index.php?rest_route=\/wp\/v2\/posts\/255874\/revisions"}],"wp:featuredmedia":[{"embeddable":true,"href":"https:\/\/archive.sana.sy\/tr\/index.php?rest_route=\/wp\/v2\/media\/255875"}],"wp:attachment":[{"href":"https:\/\/archive.sana.sy\/tr\/index.php?rest_route=%2Fwp%2Fv2%2Fmedia&parent=255874"}],"wp:term":[{"taxonomy":"category","embeddable":true,"href":"https:\/\/archive.sana.sy\/tr\/index.php?rest_route=%2Fwp%2Fv2%2Fcategories&post=255874"},{"taxonomy":"post_tag","embeddable":true,"href":"https:\/\/archive.sana.sy\/tr\/index.php?rest_route=%2Fwp%2Fv2%2Ftags&post=255874"}],"curies":[{"name":"wp","href":"https:\/\/api.w.org\/{rel}","templated":true}]}}