{"id":255877,"date":"2022-05-28T19:42:46","date_gmt":"2022-05-28T16:42:46","guid":{"rendered":"https:\/\/107.6.182.27\/tr\/?p=255877"},"modified":"2022-05-29T08:24:26","modified_gmt":"2022-05-29T05:24:26","slug":"sam-gulu-mahalice-kalesinde-yanginlardan-zarar-gorenlerin-basarili-secenegidir","status":"publish","type":"post","link":"https:\/\/archive.sana.sy\/tr\/?p=255877","title":{"rendered":"\u015eam G\u00fcl\u00fc Mahalice Kalesinde Yang\u0131nlardan Zarar G\u00f6renlerin Ba\u015far\u0131l\u0131 Se\u00e7ene\u011fidir"},"content":{"rendered":"<p style=\"text-align: justify;\">LAZK\u0130YE &#8211; \u015eam g\u00fcl\u00fc, k\u00f6kleri K\u0131rdaha k\u0131rsal\u0131ndaki Al Mahalba Kalesi k\u00f6y\u00fcn\u00fcn topraklar\u0131nda bulunan bir tar\u0131m t\u00fcr\u00fc de\u011fil sadece bilakis, sabah\u0131n erken saatlerinde onunla ilgilenmek i\u00e7in bekleyen ahalinin de arkada\u015f\u0131 oldu.<\/p>\n<p style=\"text-align: justify;\">\u00c7ift\u00e7i Nedim Hilal hen\u00fcz a\u00e7\u0131lmam\u0131\u015f g\u00fcl yapraklar\u0131n\u0131, nektar\u0131n\u0131 ve ya\u011f\u0131n\u0131 muhafaza etmesi i\u00e7in toplama sepetine koyar.<\/p>\n<p style=\"text-align: justify;\">Zeytin, meyve a\u011fa\u00e7lar\u0131 ve di\u011ferleri de dahil olmak \u00fczere halk\u0131n ge\u00e7imini beraberinde getiren 2020 yang\u0131nlar\u0131n\u0131n belirtilerinin ortadan kalkt\u0131\u011f\u0131 k\u00f6y\u00fcnde bu g\u00fcl\u00fcn ekiminin yay\u0131lmas\u0131n\u0131 memnuniyetle kar\u015f\u0131l\u0131yor.<\/p>\n<p style=\"text-align: justify;\">Al Mahalaba Kalesi&#8217;nde \u00e7\u0131kan yang\u0131nlardan iki y\u0131l sonra, insanlar topraklar\u0131na yeniden hayat vermek i\u00e7in \u00e7abal\u0131yorlar, hasar g\u00f6ren arazinin yeniden ekimi ve Suriye Kalk\u0131nma Vakf\u0131&#8217;n\u0131n ilgisiyle ger\u00e7ekle\u015fen bir r\u00fcya, Suriye Kalk\u0131nma Vakf\u0131 ve ortaklar\u0131n\u0131n dikkati bu projeyle ger\u00e7ekle\u015firken, bu k\u00f6y\u00fc ziyaret eden, sevginin ve umudun t\u00fcm renklerini ta\u015f\u0131yan bir buket g\u00fclle \u00e7\u0131kar oldu.<\/p>\n<p style=\"text-align: justify;\">\n","protected":false},"excerpt":{"rendered":"<p>LAZK\u0130YE &#8211; \u015eam g\u00fcl\u00fc, k\u00f6kleri K\u0131rdaha k\u0131rsal\u0131ndaki Al Mahalba Kalesi k\u00f6y\u00fcn\u00fcn topraklar\u0131nda bulunan bir tar\u0131m t\u00fcr\u00fc de\u011fil sadece bilakis, sabah\u0131n erken saatlerinde onunla ilgilenmek i\u00e7in bekleyen ahalinin de arkada\u015f\u0131 oldu. \u00c7ift\u00e7i Nedim Hilal hen\u00fcz a\u00e7\u0131lmam\u0131\u015f g\u00fcl yapraklar\u0131n\u0131, nektar\u0131n\u0131 ve ya\u011f\u0131n\u0131 muhafaza etmesi i\u00e7in toplama sepetine koyar. Zeytin, meyve a\u011fa\u00e7lar\u0131 ve di\u011ferleri de dahil olmak \u00fczere &hellip;<\/p>\n","protected":false},"author":1,"featured_media":255878,"comment_status":"closed","ping_status":"closed","sticky":false,"template":"","format":"standard","meta":{"footnotes":""},"categories":[485,486,479,17988,478],"tags":[],"class_list":["post-255877","post","type-post","status-publish","format-standard","has-post-thumbnail","","category-is-ve-sermaye","category-haberler-is-ve-sermaye","category-haberler-yerel","category-son-haberler","category-yerel"],"_links":{"self":[{"href":"https:\/\/archive.sana.sy\/tr\/index.php?rest_route=\/wp\/v2\/posts\/255877","targetHints":{"allow":["GET"]}}],"collection":[{"href":"https:\/\/archive.sana.sy\/tr\/index.php?rest_route=\/wp\/v2\/posts"}],"about":[{"href":"https:\/\/archive.sana.sy\/tr\/index.php?rest_route=\/wp\/v2\/types\/post"}],"author":[{"embeddable":true,"href":"https:\/\/archive.sana.sy\/tr\/index.php?rest_route=\/wp\/v2\/users\/1"}],"replies":[{"embeddable":true,"href":"https:\/\/archive.sana.sy\/tr\/index.php?rest_route=%2Fwp%2Fv2%2Fcomments&post=255877"}],"version-history":[{"count":0,"href":"https:\/\/archive.sana.sy\/tr\/index.php?rest_route=\/wp\/v2\/posts\/255877\/revisions"}],"wp:featuredmedia":[{"embeddable":true,"href":"https:\/\/archive.sana.sy\/tr\/index.php?rest_route=\/wp\/v2\/media\/255878"}],"wp:attachment":[{"href":"https:\/\/archive.sana.sy\/tr\/index.php?rest_route=%2Fwp%2Fv2%2Fmedia&parent=255877"}],"wp:term":[{"taxonomy":"category","embeddable":true,"href":"https:\/\/archive.sana.sy\/tr\/index.php?rest_route=%2Fwp%2Fv2%2Fcategories&post=255877"},{"taxonomy":"post_tag","embeddable":true,"href":"https:\/\/archive.sana.sy\/tr\/index.php?rest_route=%2Fwp%2Fv2%2Ftags&post=255877"}],"curies":[{"name":"wp","href":"https:\/\/api.w.org\/{rel}","templated":true}]}}