{"id":256170,"date":"2022-05-31T23:34:22","date_gmt":"2022-05-31T20:34:22","guid":{"rendered":"http:\/\/107.6.182.27\/tr\/?p=256170"},"modified":"2022-06-01T08:35:50","modified_gmt":"2022-06-01T05:35:50","slug":"haddad-ve-ardzinba-suriye-ile-abhazya-arasindaki-iliskileri-gelistirmenin-yollarini-gorustu","status":"publish","type":"post","link":"https:\/\/archive.sana.sy\/tr\/?p=256170","title":{"rendered":"Haddad Ve Ardzinba, Suriye \u0130le Abhazya Aras\u0131ndaki \u0130li\u015fkileri Geli\u015ftirmenin Yollar\u0131n\u0131 G\u00f6r\u00fc\u015ft\u00fc"},"content":{"rendered":"<p style=\"text-align: justify;\">MOSKOVA &#8211; Suriye&#8217;nin Rusya B\u00fcy\u00fckel\u00e7isi Dr. Riyad Haddad, Abhazya D\u0131\u015fi\u015fleri Bakan\u0131 Yenal Ardz\u0131nba ile iki \u00fclke aras\u0131ndaki ikili ili\u015fkileri ve bunlar\u0131 geli\u015ftirmenin yollar\u0131n\u0131 g\u00f6r\u00fc\u015ft\u00fc.<\/p>\n<p style=\"text-align: justify;\">Moskova&#8217;daki Suriye b\u00fcy\u00fckel\u00e7ili\u011fi karargah\u0131nda yapt\u0131klar\u0131 g\u00f6r\u00fc\u015fmede Haddad, Suriye-Abhazya ili\u015fkilerinin 2018&#8217;de iki \u00fclke aras\u0131nda diplomatik ili\u015fkilerin kurulmas\u0131ndan bu yana ula\u015ft\u0131\u011f\u0131 seviyeye dikkat \u00e7ekti.<\/p>\n<p style=\"text-align: justify;\">B\u00fcy\u00fckel\u00e7i Haddad ayr\u0131ca, \u00f6zellikle d\u00fcnyadaki mevcut ko\u015fullar \u0131\u015f\u0131\u011f\u0131nda iki \u00fclke aras\u0131ndaki ekonomik, ticari ve k\u00fclt\u00fcrel i\u015fbirli\u011finin g\u00fc\u00e7lendirilmesinin \u00f6nemini vurgulad\u0131.<\/p>\n<p style=\"text-align: justify;\">Kendi y\u00f6n\u00fcnden Ardz\u0131nba, \u00fclkesinin iki \u00fclke aras\u0131ndaki ekonomik ve ticari alanlar da dahil olmak \u00fczere \u00e7e\u015fitli alanlarda i\u015fbirli\u011fi ili\u015fkilerinin d\u00fczeyini geli\u015ftirme arzusunu dile getirdi.<\/p>\n","protected":false},"excerpt":{"rendered":"<p>MOSKOVA &#8211; Suriye&#8217;nin Rusya B\u00fcy\u00fckel\u00e7isi Dr. Riyad Haddad, Abhazya D\u0131\u015fi\u015fleri Bakan\u0131 Yenal Ardz\u0131nba ile iki \u00fclke aras\u0131ndaki ikili ili\u015fkileri ve bunlar\u0131 geli\u015ftirmenin yollar\u0131n\u0131 g\u00f6r\u00fc\u015ft\u00fc. Moskova&#8217;daki Suriye b\u00fcy\u00fckel\u00e7ili\u011fi karargah\u0131nda yapt\u0131klar\u0131 g\u00f6r\u00fc\u015fmede Haddad, Suriye-Abhazya ili\u015fkilerinin 2018&#8217;de iki \u00fclke aras\u0131nda diplomatik ili\u015fkilerin kurulmas\u0131ndan bu yana ula\u015ft\u0131\u011f\u0131 seviyeye dikkat \u00e7ekti. B\u00fcy\u00fckel\u00e7i Haddad ayr\u0131ca, \u00f6zellikle d\u00fcnyadaki mevcut ko\u015fullar \u0131\u015f\u0131\u011f\u0131nda iki &hellip;<\/p>\n","protected":false},"author":1,"featured_media":256171,"comment_status":"closed","ping_status":"closed","sticky":false,"template":"","format":"standard","meta":{"footnotes":""},"categories":[458,459,17988],"tags":[],"class_list":["post-256170","post","type-post","status-publish","format-standard","has-post-thumbnail","","category-dunya1","category-haberler-arap-uluslararasi-politika","category-son-haberler"],"_links":{"self":[{"href":"https:\/\/archive.sana.sy\/tr\/index.php?rest_route=\/wp\/v2\/posts\/256170","targetHints":{"allow":["GET"]}}],"collection":[{"href":"https:\/\/archive.sana.sy\/tr\/index.php?rest_route=\/wp\/v2\/posts"}],"about":[{"href":"https:\/\/archive.sana.sy\/tr\/index.php?rest_route=\/wp\/v2\/types\/post"}],"author":[{"embeddable":true,"href":"https:\/\/archive.sana.sy\/tr\/index.php?rest_route=\/wp\/v2\/users\/1"}],"replies":[{"embeddable":true,"href":"https:\/\/archive.sana.sy\/tr\/index.php?rest_route=%2Fwp%2Fv2%2Fcomments&post=256170"}],"version-history":[{"count":0,"href":"https:\/\/archive.sana.sy\/tr\/index.php?rest_route=\/wp\/v2\/posts\/256170\/revisions"}],"wp:featuredmedia":[{"embeddable":true,"href":"https:\/\/archive.sana.sy\/tr\/index.php?rest_route=\/wp\/v2\/media\/256171"}],"wp:attachment":[{"href":"https:\/\/archive.sana.sy\/tr\/index.php?rest_route=%2Fwp%2Fv2%2Fmedia&parent=256170"}],"wp:term":[{"taxonomy":"category","embeddable":true,"href":"https:\/\/archive.sana.sy\/tr\/index.php?rest_route=%2Fwp%2Fv2%2Fcategories&post=256170"},{"taxonomy":"post_tag","embeddable":true,"href":"https:\/\/archive.sana.sy\/tr\/index.php?rest_route=%2Fwp%2Fv2%2Ftags&post=256170"}],"curies":[{"name":"wp","href":"https:\/\/api.w.org\/{rel}","templated":true}]}}