{"id":256177,"date":"2022-06-01T10:17:52","date_gmt":"2022-06-01T07:17:52","guid":{"rendered":"http:\/\/107.6.182.27\/tr\/?p=256177"},"modified":"2022-06-02T08:35:31","modified_gmt":"2022-06-02T05:35:31","slug":"bati-yakada-el-halilin-kuzeyinde-bir-filistinli-kadin-israil-isgal-gucleri-kursunlariyla-sehit-dustu","status":"publish","type":"post","link":"https:\/\/archive.sana.sy\/tr\/?p=256177","title":{"rendered":"Filistinli Gen\u00e7 K\u0131z \u015eehit D\u00fc\u015ft\u00fc 7 Filistinli De Tutukland\u0131"},"content":{"rendered":"<p>\u0130\u015eGAL ED\u0130LEN KUD\u00dcS \u2013 Bat\u0131 Yaka\u2019da El Halil\u2019in kuzeyinde \u0130srail i\u015fgal g\u00fc\u00e7leri kuriunlar\u0131yla, bir Filistinli kgen\u00e7 k\u0131z \u015fehit d\u00fc\u015ft\u00fc.<\/p>\n<p>WAFA Haber Ajans\u0131, i\u015fgal g\u00fc\u00e7lerinin, El Halil\u2019in kuzeyindeki El Arrub kamp\u0131 giri\u015finde 31 ya\u015f\u0131ndaki \u011eufran Verasne adl\u0131 gen\u00e7 k\u0131z\u0131 vurdu\u011funu belirtirken, sonucunda onu \u015fehit d\u00fc\u015ft\u00fc\u011f\u00fcne, Filistinli K\u0131z\u0131lay ekibinin onu hastaneye kald\u0131rmalar\u0131na ancak 20 dakika sonra izin verdi\u011fine i\u015faret etti.<\/p>\n<p>Filistinli Sa\u011fl\u0131k Bakanl\u0131\u011f\u0131, gen\u00e7 k\u0131z\u0131n hastaneye kald\u0131r\u0131ld\u0131\u011f\u0131n\u0131 ancak ilk yard\u0131m ekiplerinin k\u0131z\u0131 kurtaramad\u0131klar\u0131n\u0131 sol g\u00f6\u011fs\u00fcnden ald\u0131\u011f\u0131 ve sa\u011f taraftan \u00e7\u0131kan merminin g\u00f6\u011fs\u00fcn\u00fc delmesi sonucunda kan kayb\u0131ndan \u015fehit d\u00fc\u015ft\u00fc\u011f\u00fcn\u00fc ilan etti.<\/p>\n<p>\u0130srail \u0130\u015fgal G\u00fc\u00e7leri ayr\u0131ca Bat\u0131 Yaka\u2019n\u0131n Ramallah kentinde 7 Filistinliyi tutuklad\u0131.<\/p>\n<p>WAFA Haber Ajans\u0131, i\u015fgal g\u00fc\u00e7lerinin, Ramallah\u2019\u0131n bat\u0131s\u0131ndaki Ras Karkar k\u00f6y\u00fcn\u00fc bast\u0131\u011f\u0131n\u0131 ve 4 genci tutuklad\u0131\u011f\u0131n\u0131 belirtti.<\/p>\n<p>Ajans ayr\u0131ca, Ramallah&#8217;\u0131n bat\u0131s\u0131ndaki Medye, Beyt Sira ve Beyt Likye k\u00f6ylerine bask\u0131n d\u00fczenledi\u011fini ve 3 genci tutuklad\u0131\u011f\u0131na dikkat \u00e7ekti.<\/p>\n<p><a class=\"oajrlxb2 g5ia77u1 qu0x051f esr5mh6w e9989ue4 r7d6kgcz rq0escxv nhd2j8a9 nc684nl6 p7hjln8o kvgmc6g5 cxmmr5t8 oygrvhab hcukyx3x jb3vyjys rz4wbd8a qt6c0cv9 a8nywdso i1ao9s8h esuyzwwr f1sip0of lzcic4wl gpro0wi8 q66pz984 b1v8xokw\" tabindex=\"0\" role=\"link\" href=\"https:\/\/www.facebook.com\/hashtag\/telegram_kanal%C4%B1m%C4%B1z?__eep__=6&amp;__cft__[0]=AZUYfAL5UxkEMf6v1O4abGP2na3AneGjgSGOGsBL6PORrck4iII_2Yufs--gs7IdxvSBogUWqyUOfcTjxxkvdXyjlXiQzRvFX02GWug9fHlxdPfyZLNsw5YM_mnwySzshqlL_ZCJTdnm5xLQ2mPWU-Zs&amp;__tn__=*NK-R\">#Telegram_Kanal\u0131m\u0131z<\/a>:\u00a0<a class=\"oajrlxb2 g5ia77u1 qu0x051f esr5mh6w e9989ue4 r7d6kgcz rq0escxv nhd2j8a9 nc684nl6 p7hjln8o kvgmc6g5 cxmmr5t8 oygrvhab hcukyx3x jb3vyjys rz4wbd8a qt6c0cv9 a8nywdso i1ao9s8h esuyzwwr f1sip0of lzcic4wl gpro0wi8 py34i1dx\" tabindex=\"0\" role=\"link\" href=\"https:\/\/t.me\/SuriyeArapHaberAjansI?fbclid=IwAR0vrKXvgsnlvMZxSAfs_5YnpxfcdtQFR4E5F8V5v8cFCW9v__qGnyGiXVY\" target=\"_blank\" rel=\"nofollow noopener\">https:\/\/t.me\/SuriyeArapHaberAjansI<\/a><\/p>\n","protected":false},"excerpt":{"rendered":"<p>\u0130\u015eGAL ED\u0130LEN KUD\u00dcS \u2013 Bat\u0131 Yaka\u2019da El Halil\u2019in kuzeyinde \u0130srail i\u015fgal g\u00fc\u00e7leri kuriunlar\u0131yla, bir Filistinli kgen\u00e7 k\u0131z \u015fehit d\u00fc\u015ft\u00fc. WAFA Haber Ajans\u0131, i\u015fgal g\u00fc\u00e7lerinin, El Halil\u2019in kuzeyindeki El Arrub kamp\u0131 giri\u015finde 31 ya\u015f\u0131ndaki \u011eufran Verasne adl\u0131 gen\u00e7 k\u0131z\u0131 vurdu\u011funu belirtirken, sonucunda onu \u015fehit d\u00fc\u015ft\u00fc\u011f\u00fcne, Filistinli K\u0131z\u0131lay ekibinin onu hastaneye kald\u0131rmalar\u0131na ancak 20 dakika sonra izin &hellip;<\/p>\n","protected":false},"author":39,"featured_media":256178,"comment_status":"closed","ping_status":"closed","sticky":false,"template":"","format":"standard","meta":{"footnotes":""},"categories":[458,459,17988],"tags":[],"class_list":["post-256177","post","type-post","status-publish","format-standard","has-post-thumbnail","","category-dunya1","category-haberler-arap-uluslararasi-politika","category-son-haberler"],"_links":{"self":[{"href":"https:\/\/archive.sana.sy\/tr\/index.php?rest_route=\/wp\/v2\/posts\/256177","targetHints":{"allow":["GET"]}}],"collection":[{"href":"https:\/\/archive.sana.sy\/tr\/index.php?rest_route=\/wp\/v2\/posts"}],"about":[{"href":"https:\/\/archive.sana.sy\/tr\/index.php?rest_route=\/wp\/v2\/types\/post"}],"author":[{"embeddable":true,"href":"https:\/\/archive.sana.sy\/tr\/index.php?rest_route=\/wp\/v2\/users\/39"}],"replies":[{"embeddable":true,"href":"https:\/\/archive.sana.sy\/tr\/index.php?rest_route=%2Fwp%2Fv2%2Fcomments&post=256177"}],"version-history":[{"count":0,"href":"https:\/\/archive.sana.sy\/tr\/index.php?rest_route=\/wp\/v2\/posts\/256177\/revisions"}],"wp:featuredmedia":[{"embeddable":true,"href":"https:\/\/archive.sana.sy\/tr\/index.php?rest_route=\/wp\/v2\/media\/256178"}],"wp:attachment":[{"href":"https:\/\/archive.sana.sy\/tr\/index.php?rest_route=%2Fwp%2Fv2%2Fmedia&parent=256177"}],"wp:term":[{"taxonomy":"category","embeddable":true,"href":"https:\/\/archive.sana.sy\/tr\/index.php?rest_route=%2Fwp%2Fv2%2Fcategories&post=256177"},{"taxonomy":"post_tag","embeddable":true,"href":"https:\/\/archive.sana.sy\/tr\/index.php?rest_route=%2Fwp%2Fv2%2Ftags&post=256177"}],"curies":[{"name":"wp","href":"https:\/\/api.w.org\/{rel}","templated":true}]}}