{"id":256347,"date":"2022-06-04T13:53:54","date_gmt":"2022-06-04T10:53:54","guid":{"rendered":"http:\/\/107.6.182.27\/tr\/?p=256347"},"modified":"2022-06-05T08:37:56","modified_gmt":"2022-06-05T05:37:56","slug":"hama-kirsali-al-baraka-koyune-bombali-saldirida-maddi-hasarlar-meydana-geldi","status":"publish","type":"post","link":"https:\/\/archive.sana.sy\/tr\/?p=256347","title":{"rendered":"Hama K\u0131rsal\u0131 Al Baraka K\u00f6y\u00fcne Bombal\u0131 Sald\u0131r\u0131da Maddi Hasarlar Meydana Geldi."},"content":{"rendered":"<p style=\"text-align: justify;\">HAMA &#8211; Hama&#8217;n\u0131n kuzeybat\u0131s\u0131ndaki El Baraka k\u00f6y\u00fcne T\u00fcrk i\u015fgaline ba\u011fl\u0131 ter\u00f6r \u00f6rg\u00fctleri taraf\u0131ndan at\u0131lan \u00e7ok say\u0131da roketli f\u00fczlerin d\u00fc\u015fmesi sonucu insanlar\u0131n evlerinde ve e\u015fyalar\u0131nda maddi hasarlar meydana geldi.<\/p>\n<p style=\"text-align: justify;\">Hama Polis Komutanl\u0131\u011f\u0131&#8217;ndan bir kaynak SANA muhabirine, d\u00fcn ak\u015fam Hama k\u0131rsal\u0131ndaki Al Baraka k\u00f6y\u00fcne ter\u00f6r \u00f6rg\u00fctleri taraf\u0131ndan at\u0131lan \u00fc\u00e7 top mermisinin do\u011frudan baz\u0131 insanlar\u0131n evlerine zarar verdi\u011fini, ayr\u0131ca kamu ve \u00f6zel m\u00fclklerde ba\u015fka hasarlar\u0131n oldu\u011funu s\u00f6yledi.<\/p>\n<p style=\"text-align: justify;\">Bir saha kayna\u011f\u0131ndan al\u0131nt\u0131 yapan SANA muhabiri, k\u00f6y\u00fc hedef alan roketlerin \u0130dlib k\u0131rsal\u0131ndaki Cisr el \u015eu\u011fur kentinin g\u00fcney eteklerinden, T\u00fcrk rejimi taraf\u0131ndan desteklenen s\u00f6zde &#8220;T\u00fcrkistan Partisi&#8221;ne ba\u011fl\u0131 ter\u00f6rist gruplar\u0131n bulundu\u011fu bir yerden f\u0131rlat\u0131ld\u0131\u011f\u0131n\u0131 belirtti.<\/p>\n","protected":false},"excerpt":{"rendered":"<p>HAMA &#8211; Hama&#8217;n\u0131n kuzeybat\u0131s\u0131ndaki El Baraka k\u00f6y\u00fcne T\u00fcrk i\u015fgaline ba\u011fl\u0131 ter\u00f6r \u00f6rg\u00fctleri taraf\u0131ndan at\u0131lan \u00e7ok say\u0131da roketli f\u00fczlerin d\u00fc\u015fmesi sonucu insanlar\u0131n evlerinde ve e\u015fyalar\u0131nda maddi hasarlar meydana geldi. Hama Polis Komutanl\u0131\u011f\u0131&#8217;ndan bir kaynak SANA muhabirine, d\u00fcn ak\u015fam Hama k\u0131rsal\u0131ndaki Al Baraka k\u00f6y\u00fcne ter\u00f6r \u00f6rg\u00fctleri taraf\u0131ndan at\u0131lan \u00fc\u00e7 top mermisinin do\u011frudan baz\u0131 insanlar\u0131n evlerine zarar verdi\u011fini, &hellip;<\/p>\n","protected":false},"author":1,"featured_media":256348,"comment_status":"closed","ping_status":"closed","sticky":false,"template":"","format":"standard","meta":{"footnotes":""},"categories":[575,17988,2555],"tags":[],"class_list":["post-256347","post","type-post","status-publish","format-standard","has-post-thumbnail","","category-olaylar-ve-gercekler","category-son-haberler","category-suriye-ve-turkiye"],"_links":{"self":[{"href":"https:\/\/archive.sana.sy\/tr\/index.php?rest_route=\/wp\/v2\/posts\/256347","targetHints":{"allow":["GET"]}}],"collection":[{"href":"https:\/\/archive.sana.sy\/tr\/index.php?rest_route=\/wp\/v2\/posts"}],"about":[{"href":"https:\/\/archive.sana.sy\/tr\/index.php?rest_route=\/wp\/v2\/types\/post"}],"author":[{"embeddable":true,"href":"https:\/\/archive.sana.sy\/tr\/index.php?rest_route=\/wp\/v2\/users\/1"}],"replies":[{"embeddable":true,"href":"https:\/\/archive.sana.sy\/tr\/index.php?rest_route=%2Fwp%2Fv2%2Fcomments&post=256347"}],"version-history":[{"count":0,"href":"https:\/\/archive.sana.sy\/tr\/index.php?rest_route=\/wp\/v2\/posts\/256347\/revisions"}],"wp:featuredmedia":[{"embeddable":true,"href":"https:\/\/archive.sana.sy\/tr\/index.php?rest_route=\/wp\/v2\/media\/256348"}],"wp:attachment":[{"href":"https:\/\/archive.sana.sy\/tr\/index.php?rest_route=%2Fwp%2Fv2%2Fmedia&parent=256347"}],"wp:term":[{"taxonomy":"category","embeddable":true,"href":"https:\/\/archive.sana.sy\/tr\/index.php?rest_route=%2Fwp%2Fv2%2Fcategories&post=256347"},{"taxonomy":"post_tag","embeddable":true,"href":"https:\/\/archive.sana.sy\/tr\/index.php?rest_route=%2Fwp%2Fv2%2Ftags&post=256347"}],"curies":[{"name":"wp","href":"https:\/\/api.w.org\/{rel}","templated":true}]}}