{"id":256491,"date":"2022-06-06T09:31:46","date_gmt":"2022-06-06T06:31:46","guid":{"rendered":"http:\/\/107.6.182.27\/tr\/?p=256491"},"modified":"2022-06-07T10:45:34","modified_gmt":"2022-06-07T07:45:34","slug":"ukraynadaki-rusya-ozel-askeri-operasyonunun-gelismeleri-3","status":"publish","type":"post","link":"https:\/\/archive.sana.sy\/tr\/?p=256491","title":{"rendered":"Ukrayna\u2019daki Rusya \u00d6zel Askeri Operasyonunun Geli\u015fmeleri"},"content":{"rendered":"<ul>\n<li>Moskova: Avrupa \u00fclkeleriyle Demir Perde politikas\u0131 izleme niyetinde de\u011filiz.<\/li>\n<li>Rusya Savunma Bakanl\u0131\u011f\u0131: Rus hava savunmas\u0131 Donetsk&#8217;te bir Ukraynal\u0131 bir MiG-29 u\u00e7a\u011f\u0131n\u0131 d\u00fc\u015f\u00fcrd\u00fc, Donetsk, Lugansk ve \u00e7e\u015fitli Ukrayna b\u00f6lgelerinde 13 Ukrayna \u0130HA\u2019s\u0131n\u0131 imha etti.<\/li>\n<li>Rus Savunmas\u0131, Ukrayna kuvvetlerinin hedeflerini bombalayan (Su-34) sava\u015f u\u00e7aklar\u0131 ile ilgili bir video yay\u0131nlad\u0131.<\/li>\n<li>Donetsk: Ukrayna kuvvetleri Mariupol liman\u0131nda tonlarca tah\u0131l\u0131 yakt\u0131.<\/li>\n<li>Azov taburunun gizli belgeleri Mariupol sakinlerinin \u00e7o\u011funlu\u011funun Rusya&#8217;ya deste\u011fini ortaya koyuyor.<\/li>\n<li>Yeni bir t\u0131rman\u0131\u015fta \u0130ngiltere, Kiev rejimine f\u00fcze rampalar\u0131 tedarik etmeyi planl\u0131yor.<\/li>\n<li>Kiev&#8217;in Donbass&#8217;taki su\u00e7lar\u0131n\u0131n soru\u015fturulmas\u0131n\u0131 talep etmek i\u00e7in y\u00fczlerce ki\u015fi Roma&#8217;da g\u00f6steri yapt\u0131.<\/li>\n<\/ul>\n<p><a class=\"oajrlxb2 g5ia77u1 qu0x051f esr5mh6w e9989ue4 r7d6kgcz rq0escxv nhd2j8a9 nc684nl6 p7hjln8o kvgmc6g5 cxmmr5t8 oygrvhab hcukyx3x jb3vyjys rz4wbd8a qt6c0cv9 a8nywdso i1ao9s8h esuyzwwr f1sip0of lzcic4wl gpro0wi8 q66pz984 b1v8xokw\" tabindex=\"0\" role=\"link\" href=\"https:\/\/www.facebook.com\/hashtag\/telegram_kanal%C4%B1m%C4%B1z?__eep__=6&amp;__cft__[0]=AZW0VcJQMlYCh4vkVY84_ywYE7TjPcoBW58Rink7G8c7qE2Er3ppyWWSejadFVUj9LdTYm0-T1jDAl8N5S2dRfY4X6MBYv99EyRToAl2ITAamn30HwpK5SVvUbGRoOA9pQ_Io9HrvjSuCxElndeRUO_UpAEzYRHWSQYjKNZTRIm-pQ&amp;__tn__=*NK-R\">#Telegram_Kanal\u0131m\u0131z<\/a>: <a class=\"oajrlxb2 g5ia77u1 qu0x051f esr5mh6w e9989ue4 r7d6kgcz rq0escxv nhd2j8a9 nc684nl6 p7hjln8o kvgmc6g5 cxmmr5t8 oygrvhab hcukyx3x jb3vyjys rz4wbd8a qt6c0cv9 a8nywdso i1ao9s8h esuyzwwr f1sip0of lzcic4wl gpro0wi8 py34i1dx\" tabindex=\"0\" role=\"link\" href=\"https:\/\/l.facebook.com\/l.php?u=https%3A%2F%2Ft.me%2FSuriyeArapHaberAjans%3Ffbclid%3DIwAR0B8yfRVlgdIUDixhjmaynn3gb3JF7tlJrXZ_AsdJJs1L6NTTDt28s240I&amp;h=AT1uKoCUa_UEem11EPE-IcqEeHpUJS2F5bDhbkhLUtfAu5jUS4paOKPFIbSH3n70N33DF-bA8AHNpFPFV0cJZcMM4BvlA6GUljALazvFSXTBV8VyBMCvP-vtCLnfny8WwRo&amp;__tn__=-UK-R&amp;c[0]=AT1GnajCnJexGZbW-LgwfRkWdHWQukjBGjyznajMbjuOC-NzMJkR1HTH6Oas5Zs3vsOt78M1Bd1QPxZNa3ri1h4miQaH54hR9gSYh6yCvII-dx-S_rtg3TPjWk10FZ-9jAO2Su4xD3TZt0fykbvlKc6x9aASfjXNVRcKIf4OI2Whks2g_sGFK0eNxJ4ZcyGSlwMi1L1K\" target=\"_blank\" rel=\"nofollow noopener\">https:\/\/t.me\/SuriyeArapHaberAjans<\/a><\/p>\n","protected":false},"excerpt":{"rendered":"<p>Moskova: Avrupa \u00fclkeleriyle Demir Perde politikas\u0131 izleme niyetinde de\u011filiz. Rusya Savunma Bakanl\u0131\u011f\u0131: Rus hava savunmas\u0131 Donetsk&#8217;te bir Ukraynal\u0131 bir MiG-29 u\u00e7a\u011f\u0131n\u0131 d\u00fc\u015f\u00fcrd\u00fc, Donetsk, Lugansk ve \u00e7e\u015fitli Ukrayna b\u00f6lgelerinde 13 Ukrayna \u0130HA\u2019s\u0131n\u0131 imha etti. Rus Savunmas\u0131, Ukrayna kuvvetlerinin hedeflerini bombalayan (Su-34) sava\u015f u\u00e7aklar\u0131 ile ilgili bir video yay\u0131nlad\u0131. Donetsk: Ukrayna kuvvetleri Mariupol liman\u0131nda tonlarca tah\u0131l\u0131 yakt\u0131. &hellip;<\/p>\n","protected":false},"author":39,"featured_media":256492,"comment_status":"closed","ping_status":"closed","sticky":false,"template":"","format":"standard","meta":{"footnotes":""},"categories":[458,459,17988],"tags":[],"class_list":["post-256491","post","type-post","status-publish","format-standard","has-post-thumbnail","","category-dunya1","category-haberler-arap-uluslararasi-politika","category-son-haberler"],"_links":{"self":[{"href":"https:\/\/archive.sana.sy\/tr\/index.php?rest_route=\/wp\/v2\/posts\/256491","targetHints":{"allow":["GET"]}}],"collection":[{"href":"https:\/\/archive.sana.sy\/tr\/index.php?rest_route=\/wp\/v2\/posts"}],"about":[{"href":"https:\/\/archive.sana.sy\/tr\/index.php?rest_route=\/wp\/v2\/types\/post"}],"author":[{"embeddable":true,"href":"https:\/\/archive.sana.sy\/tr\/index.php?rest_route=\/wp\/v2\/users\/39"}],"replies":[{"embeddable":true,"href":"https:\/\/archive.sana.sy\/tr\/index.php?rest_route=%2Fwp%2Fv2%2Fcomments&post=256491"}],"version-history":[{"count":0,"href":"https:\/\/archive.sana.sy\/tr\/index.php?rest_route=\/wp\/v2\/posts\/256491\/revisions"}],"wp:featuredmedia":[{"embeddable":true,"href":"https:\/\/archive.sana.sy\/tr\/index.php?rest_route=\/wp\/v2\/media\/256492"}],"wp:attachment":[{"href":"https:\/\/archive.sana.sy\/tr\/index.php?rest_route=%2Fwp%2Fv2%2Fmedia&parent=256491"}],"wp:term":[{"taxonomy":"category","embeddable":true,"href":"https:\/\/archive.sana.sy\/tr\/index.php?rest_route=%2Fwp%2Fv2%2Fcategories&post=256491"},{"taxonomy":"post_tag","embeddable":true,"href":"https:\/\/archive.sana.sy\/tr\/index.php?rest_route=%2Fwp%2Fv2%2Ftags&post=256491"}],"curies":[{"name":"wp","href":"https:\/\/api.w.org\/{rel}","templated":true}]}}