{"id":256513,"date":"2022-06-06T08:00:41","date_gmt":"2022-06-06T05:00:41","guid":{"rendered":"http:\/\/107.6.182.27\/tr\/?p=256513"},"modified":"2022-06-07T08:30:12","modified_gmt":"2022-06-07T05:30:12","slug":"son-gununde-kargo-ve-gumruk-fuarinda-20den-fazla-anlasma-imzalandi","status":"publish","type":"post","link":"https:\/\/archive.sana.sy\/tr\/?p=256513","title":{"rendered":"Son G\u00fcn\u00fcnde Kargo Ve G\u00fcmr\u00fck Fuar\u0131nda 20&#8217;den Fazla Anla\u015fma \u0130mzaland\u0131"},"content":{"rendered":"<p>\u015eAM &#8211; Uluslararas\u0131 Kargo ve G\u00fcmr\u00fckleme Fuar\u0131&#8217;n\u0131n son g\u00fcn\u00fcnde sonu\u00e7lar\u0131, fuara kat\u0131lan firmalar ile \u015fu anda \u201cMedikal Bak\u0131m\u201d ve \u015fu anda \u015eam Fuaralar Kenti&#8217;nde d\u00fczenlenen \u201cG\u0131da Fuar\u0131\u201d fuarlar\u0131na kat\u0131lan di\u011fer firmalar aras\u0131nda bir dizi d\u0131\u015f ihracat anla\u015fmalar\u0131n\u0131n imzalanmas\u0131yla sonu\u00e7land\u0131. <img loading=\"lazy\" decoding=\"async\" class=\"size-medium wp-image-256515 alignright\" src=\"http:\/\/107.6.182.27\/tr\/wp-content\/uploads\/2022\/06\/0-20-300x168-1.png\" alt=\"\" width=\"300\" height=\"168\" srcset=\"https:\/\/archive.sana.sy\/tr\/wp-content\/uploads\/2022\/06\/0-20-300x168-1.png 300w, https:\/\/archive.sana.sy\/tr\/wp-content\/uploads\/2022\/06\/0-20-300x168-1-150x84.png 150w\" sizes=\"auto, (max-width: 300px) 100vw, 300px\" \/><\/p>\n<p>Organizasyon firmas\u0131 Genel M\u00fcd\u00fcr\u00fc Enes Z\u0131byan SANA muhabirine yapt\u0131\u011f\u0131 a\u00e7\u0131klamada, fuar s\u00fcresince g\u0131da ve medikal firmalar\u0131 ile kargo ve g\u00fcmr\u00fckleme firmalar\u0131 aras\u0131nda do\u011frudan bir dizi g\u00f6r\u00fc\u015fme yap\u0131ld\u0131\u011f\u0131n\u0131 ve bunun sonucunda 15 anla\u015fman\u0131n, g\u0131da sekt\u00f6r\u00fcnde bir\u00e7ok \u00fclkeye ihracat yapmak ve medikal sekt\u00f6r\u00fcnde ila\u00e7 laboratuvarlar\u0131 ile \u00fcr\u00fcnlerini baz\u0131 \u00fclkelere ihra\u00e7 etmek i\u00e7in 7 i\u015fbirli\u011fi anla\u015fmas\u0131n\u0131n imzaland\u0131\u011f\u0131n\u0131 belirtti.<\/p>\n<p>Fuar\u0131n sonunda, Suriye Uluslararas\u0131 Ta\u015f\u0131mac\u0131l\u0131k \u015eirketleri Federasyonu Ba\u015fkan\u0131 Saleh Key\u015fur, denizcilik ve nakliye \u015firketlerinin kar\u015f\u0131la\u015ft\u0131\u011f\u0131 sorunlar\u0131 ve engelleri dile getirmek i\u00e7in d\u00fczenlenen forumda Ula\u015ft\u0131rma Bakanl\u0131\u011f\u0131&#8217;n\u0131n t\u00fcm imkanlar\u0131 sa\u011flad\u0131\u011f\u0131n\u0131 belirterek, Suriye&#8217;nin Arap d\u00fcnyas\u0131ndaki en b\u00fcy\u00fck nakliye filosuna sahip oldu\u011funu ve 1.100 nakliye ve kargo \u015firketinin bulundu\u011funu belirterek, t\u00fcm Nakliye engellerinin d\u0131\u015f kaynakl\u0131 oldu\u011funu a\u00e7\u0131klayarak, kom\u015fu \u00fclkelerden m\u00fctekabiliyet gere\u011fini vurgulad\u0131.<img loading=\"lazy\" decoding=\"async\" class=\"size-full wp-image-256516 alignright\" src=\"http:\/\/107.6.182.27\/tr\/wp-content\/uploads\/2022\/06\/0-21-300x168-1.png\" alt=\"\" width=\"300\" height=\"168\" srcset=\"https:\/\/archive.sana.sy\/tr\/wp-content\/uploads\/2022\/06\/0-21-300x168-1.png 300w, https:\/\/archive.sana.sy\/tr\/wp-content\/uploads\/2022\/06\/0-21-300x168-1-150x84.png 150w\" sizes=\"auto, (max-width: 300px) 100vw, 300px\" \/><\/p>\n<p>Forum s\u0131ras\u0131nda, Uyu\u015fturucuyla M\u00fccadele \u0130daresi&#8217;nden bir temsilci, uyu\u015fturucu kontrol stratejileri ve operasyonel kontrol mekanizmas\u0131 ve kontrollerinin yan\u0131 s\u0131ra uyu\u015fturucular\u0131 ka\u00e7\u0131rmak i\u00e7in saklaman\u0131n yenilik\u00e7i yollar\u0131 i\u00e7in modeller hakk\u0131nda bir sunum yapt\u0131 ve nakliye ofislerini \u015f\u00fcpheli herhangi bir \u015f\u00fcpheyi bildirmeye \u00e7a\u011f\u0131rd\u0131.<\/p>\n<p><a class=\"oajrlxb2 g5ia77u1 qu0x051f esr5mh6w e9989ue4 r7d6kgcz rq0escxv nhd2j8a9 nc684nl6 p7hjln8o kvgmc6g5 cxmmr5t8 oygrvhab hcukyx3x jb3vyjys rz4wbd8a qt6c0cv9 a8nywdso i1ao9s8h esuyzwwr f1sip0of lzcic4wl gpro0wi8 q66pz984 b1v8xokw\" tabindex=\"0\" role=\"link\" href=\"https:\/\/www.facebook.com\/hashtag\/telegram_kanal%C4%B1m%C4%B1z?__eep__=6&amp;__cft__[0]=AZW0VcJQMlYCh4vkVY84_ywYE7TjPcoBW58Rink7G8c7qE2Er3ppyWWSejadFVUj9LdTYm0-T1jDAl8N5S2dRfY4X6MBYv99EyRToAl2ITAamn30HwpK5SVvUbGRoOA9pQ_Io9HrvjSuCxElndeRUO_UpAEzYRHWSQYjKNZTRIm-pQ&amp;__tn__=*NK-R\">#Telegram_Kanal\u0131m\u0131z<\/a>: <a class=\"oajrlxb2 g5ia77u1 qu0x051f esr5mh6w e9989ue4 r7d6kgcz rq0escxv nhd2j8a9 nc684nl6 p7hjln8o kvgmc6g5 cxmmr5t8 oygrvhab hcukyx3x jb3vyjys rz4wbd8a qt6c0cv9 a8nywdso i1ao9s8h esuyzwwr f1sip0of lzcic4wl gpro0wi8 py34i1dx\" tabindex=\"0\" role=\"link\" href=\"https:\/\/l.facebook.com\/l.php?u=https%3A%2F%2Ft.me%2FSuriyeArapHaberAjans%3Ffbclid%3DIwAR0B8yfRVlgdIUDixhjmaynn3gb3JF7tlJrXZ_AsdJJs1L6NTTDt28s240I&amp;h=AT1uKoCUa_UEem11EPE-IcqEeHpUJS2F5bDhbkhLUtfAu5jUS4paOKPFIbSH3n70N33DF-bA8AHNpFPFV0cJZcMM4BvlA6GUljALazvFSXTBV8VyBMCvP-vtCLnfny8WwRo&amp;__tn__=-UK-R&amp;c[0]=AT1GnajCnJexGZbW-LgwfRkWdHWQukjBGjyznajMbjuOC-NzMJkR1HTH6Oas5Zs3vsOt78M1Bd1QPxZNa3ri1h4miQaH54hR9gSYh6yCvII-dx-S_rtg3TPjWk10FZ-9jAO2Su4xD3TZt0fykbvlKc6x9aASfjXNVRcKIf4OI2Whks2g_sGFK0eNxJ4ZcyGSlwMi1L1K\" target=\"_blank\" rel=\"nofollow noopener\">https:\/\/t.me\/SuriyeArapHaberAjans<\/a><\/p>\n<div id='gallery-1' class='gallery galleryid-256513 gallery-columns-3 gallery-size-full'><figure class='gallery-item'>\n\t\t\t<div class='gallery-icon landscape'>\n\t\t\t\t<a href='https:\/\/archive.sana.sy\/tr\/wp-content\/uploads\/2022\/06\/0-19-660x330-2.png'><img loading=\"lazy\" decoding=\"async\" width=\"660\" height=\"330\" src=\"https:\/\/archive.sana.sy\/tr\/wp-content\/uploads\/2022\/06\/0-19-660x330-2.png\" class=\"attachment-full size-full\" alt=\"\" srcset=\"https:\/\/archive.sana.sy\/tr\/wp-content\/uploads\/2022\/06\/0-19-660x330-2.png 660w, https:\/\/archive.sana.sy\/tr\/wp-content\/uploads\/2022\/06\/0-19-660x330-2-300x150.png 300w, https:\/\/archive.sana.sy\/tr\/wp-content\/uploads\/2022\/06\/0-19-660x330-2-150x75.png 150w\" sizes=\"auto, (max-width: 660px) 100vw, 660px\" \/><\/a>\n\t\t\t<\/div><\/figure><figure class='gallery-item'>\n\t\t\t<div class='gallery-icon landscape'>\n\t\t\t\t<a href='https:\/\/archive.sana.sy\/tr\/wp-content\/uploads\/2022\/06\/0-22-300x168-1.png'><img loading=\"lazy\" decoding=\"async\" width=\"300\" height=\"168\" src=\"https:\/\/archive.sana.sy\/tr\/wp-content\/uploads\/2022\/06\/0-22-300x168-1.png\" class=\"attachment-full size-full\" alt=\"\" srcset=\"https:\/\/archive.sana.sy\/tr\/wp-content\/uploads\/2022\/06\/0-22-300x168-1.png 300w, https:\/\/archive.sana.sy\/tr\/wp-content\/uploads\/2022\/06\/0-22-300x168-1-150x84.png 150w\" sizes=\"auto, (max-width: 300px) 100vw, 300px\" \/><\/a>\n\t\t\t<\/div><\/figure><figure class='gallery-item'>\n\t\t\t<div class='gallery-icon landscape'>\n\t\t\t\t<a href='https:\/\/archive.sana.sy\/tr\/wp-content\/uploads\/2022\/06\/0-23-300x168-1.png'><img loading=\"lazy\" decoding=\"async\" width=\"300\" height=\"168\" src=\"https:\/\/archive.sana.sy\/tr\/wp-content\/uploads\/2022\/06\/0-23-300x168-1.png\" class=\"attachment-full size-full\" alt=\"\" srcset=\"https:\/\/archive.sana.sy\/tr\/wp-content\/uploads\/2022\/06\/0-23-300x168-1.png 300w, https:\/\/archive.sana.sy\/tr\/wp-content\/uploads\/2022\/06\/0-23-300x168-1-150x84.png 150w\" sizes=\"auto, (max-width: 300px) 100vw, 300px\" \/><\/a>\n\t\t\t<\/div><\/figure><figure class='gallery-item'>\n\t\t\t<div class='gallery-icon landscape'>\n\t\t\t\t<a href='https:\/\/archive.sana.sy\/tr\/wp-content\/uploads\/2022\/06\/0-24-300x168-1.png'><img loading=\"lazy\" decoding=\"async\" width=\"300\" height=\"168\" src=\"https:\/\/archive.sana.sy\/tr\/wp-content\/uploads\/2022\/06\/0-24-300x168-1.png\" class=\"attachment-full size-full\" alt=\"\" srcset=\"https:\/\/archive.sana.sy\/tr\/wp-content\/uploads\/2022\/06\/0-24-300x168-1.png 300w, https:\/\/archive.sana.sy\/tr\/wp-content\/uploads\/2022\/06\/0-24-300x168-1-150x84.png 150w\" sizes=\"auto, (max-width: 300px) 100vw, 300px\" \/><\/a>\n\t\t\t<\/div><\/figure><figure class='gallery-item'>\n\t\t\t<div class='gallery-icon landscape'>\n\t\t\t\t<a href='https:\/\/archive.sana.sy\/tr\/wp-content\/uploads\/2022\/06\/DSC_8507-768x511-1.jpg'><img loading=\"lazy\" decoding=\"async\" width=\"768\" height=\"511\" src=\"https:\/\/archive.sana.sy\/tr\/wp-content\/uploads\/2022\/06\/DSC_8507-768x511-1.jpg\" class=\"attachment-full size-full\" alt=\"\" srcset=\"https:\/\/archive.sana.sy\/tr\/wp-content\/uploads\/2022\/06\/DSC_8507-768x511-1.jpg 768w, https:\/\/archive.sana.sy\/tr\/wp-content\/uploads\/2022\/06\/DSC_8507-768x511-1-300x200.jpg 300w, https:\/\/archive.sana.sy\/tr\/wp-content\/uploads\/2022\/06\/DSC_8507-768x511-1-150x100.jpg 150w, https:\/\/archive.sana.sy\/tr\/wp-content\/uploads\/2022\/06\/DSC_8507-768x511-1-310x205.jpg 310w\" sizes=\"auto, (max-width: 768px) 100vw, 768px\" \/><\/a>\n\t\t\t<\/div><\/figure><figure class='gallery-item'>\n\t\t\t<div class='gallery-icon landscape'>\n\t\t\t\t<a href='https:\/\/archive.sana.sy\/tr\/wp-content\/uploads\/2022\/06\/DSC_8509-768x511-1.jpg'><img loading=\"lazy\" decoding=\"async\" width=\"768\" height=\"511\" src=\"https:\/\/archive.sana.sy\/tr\/wp-content\/uploads\/2022\/06\/DSC_8509-768x511-1.jpg\" class=\"attachment-full size-full\" alt=\"\" srcset=\"https:\/\/archive.sana.sy\/tr\/wp-content\/uploads\/2022\/06\/DSC_8509-768x511-1.jpg 768w, https:\/\/archive.sana.sy\/tr\/wp-content\/uploads\/2022\/06\/DSC_8509-768x511-1-300x200.jpg 300w, https:\/\/archive.sana.sy\/tr\/wp-content\/uploads\/2022\/06\/DSC_8509-768x511-1-150x100.jpg 150w, https:\/\/archive.sana.sy\/tr\/wp-content\/uploads\/2022\/06\/DSC_8509-768x511-1-310x205.jpg 310w\" sizes=\"auto, (max-width: 768px) 100vw, 768px\" \/><\/a>\n\t\t\t<\/div><\/figure>\n\t\t<\/div>\n\n","protected":false},"excerpt":{"rendered":"<p>\u015eAM &#8211; Uluslararas\u0131 Kargo ve G\u00fcmr\u00fckleme Fuar\u0131&#8217;n\u0131n son g\u00fcn\u00fcnde sonu\u00e7lar\u0131, fuara kat\u0131lan firmalar ile \u015fu anda \u201cMedikal Bak\u0131m\u201d ve \u015fu anda \u015eam Fuaralar Kenti&#8217;nde d\u00fczenlenen \u201cG\u0131da Fuar\u0131\u201d fuarlar\u0131na kat\u0131lan di\u011fer firmalar aras\u0131nda bir dizi d\u0131\u015f ihracat anla\u015fmalar\u0131n\u0131n imzalanmas\u0131yla sonu\u00e7land\u0131. Organizasyon firmas\u0131 Genel M\u00fcd\u00fcr\u00fc Enes Z\u0131byan SANA muhabirine yapt\u0131\u011f\u0131 a\u00e7\u0131klamada, fuar s\u00fcresince g\u0131da ve medikal firmalar\u0131 &hellip;<\/p>\n","protected":false},"author":1,"featured_media":256514,"comment_status":"closed","ping_status":"closed","sticky":false,"template":"","format":"standard","meta":{"footnotes":""},"categories":[485,479,486,17988,478],"tags":[],"class_list":["post-256513","post","type-post","status-publish","format-standard","has-post-thumbnail","","category-is-ve-sermaye","category-haberler-yerel","category-haberler-is-ve-sermaye","category-son-haberler","category-yerel"],"_links":{"self":[{"href":"https:\/\/archive.sana.sy\/tr\/index.php?rest_route=\/wp\/v2\/posts\/256513","targetHints":{"allow":["GET"]}}],"collection":[{"href":"https:\/\/archive.sana.sy\/tr\/index.php?rest_route=\/wp\/v2\/posts"}],"about":[{"href":"https:\/\/archive.sana.sy\/tr\/index.php?rest_route=\/wp\/v2\/types\/post"}],"author":[{"embeddable":true,"href":"https:\/\/archive.sana.sy\/tr\/index.php?rest_route=\/wp\/v2\/users\/1"}],"replies":[{"embeddable":true,"href":"https:\/\/archive.sana.sy\/tr\/index.php?rest_route=%2Fwp%2Fv2%2Fcomments&post=256513"}],"version-history":[{"count":0,"href":"https:\/\/archive.sana.sy\/tr\/index.php?rest_route=\/wp\/v2\/posts\/256513\/revisions"}],"wp:featuredmedia":[{"embeddable":true,"href":"https:\/\/archive.sana.sy\/tr\/index.php?rest_route=\/wp\/v2\/media\/256514"}],"wp:attachment":[{"href":"https:\/\/archive.sana.sy\/tr\/index.php?rest_route=%2Fwp%2Fv2%2Fmedia&parent=256513"}],"wp:term":[{"taxonomy":"category","embeddable":true,"href":"https:\/\/archive.sana.sy\/tr\/index.php?rest_route=%2Fwp%2Fv2%2Fcategories&post=256513"},{"taxonomy":"post_tag","embeddable":true,"href":"https:\/\/archive.sana.sy\/tr\/index.php?rest_route=%2Fwp%2Fv2%2Ftags&post=256513"}],"curies":[{"name":"wp","href":"https:\/\/api.w.org\/{rel}","templated":true}]}}