{"id":256622,"date":"2022-06-07T22:18:39","date_gmt":"2022-06-07T19:18:39","guid":{"rendered":"http:\/\/107.6.182.27\/tr\/?p=256622"},"modified":"2022-06-08T12:02:56","modified_gmt":"2022-06-08T09:02:56","slug":"el-zaher-halep-termal-transfer-istasyonunun-besinci-grubu-yakinda-hizmete-girdi","status":"publish","type":"post","link":"https:\/\/archive.sana.sy\/tr\/?p=256622","title":{"rendered":"El Zaher: Halep Termal Transfer Istasyonunun Be\u015finci Grubu Yak\u0131nda Hizmete Girecek"},"content":{"rendered":"<p style=\"text-align: justify;\">HALEP \u2013 Elektrik \u0130letim ve Da\u011f\u0131t\u0131m Genel M\u00fcd\u00fcr\u00fc Favaz el Zaher, Halep termal transfer istasyonunda be\u015finci grup bak\u0131m ve rehabilitasyon \u00e7al\u0131\u015fmalar\u0131n\u0131n y\u00fcksek uygulama oranlar\u0131na ula\u015ft\u0131\u011f\u0131n\u0131 ve yak\u0131nda hizmete girece\u011fini duyurdu.<\/p>\n<p style=\"text-align: justify;\">Bu ba\u011flamda el Zaher, Lazkiye&#8217;deki Rastan trafo merkezinin in\u015fas\u0131nda tamamlanma y\u00fczdesi istasyonda y\u00fczde 80&#8217;e, y\u00fcksek gerilim hatlar\u0131nda y\u00fczde 85&#8217;e ula\u015ft\u0131\u011f\u0131n\u0131 s\u00f6yledi.<\/p>\n<p style=\"text-align: justify;\">SANA&#8217;ya bug\u00fcn yapt\u0131\u011f\u0131 a\u00e7\u0131klamada el Zaher, \u00e7al\u0131\u015fmalar\u0131n ulusal kadrolara ve uzmanl\u0131\u011fa dayan\u0131larak yap\u0131ld\u0131\u011f\u0131n\u0131 ve Halep Termal Transfer \u0130stasyonu&#8217;nun elektrik \u015febekesine 200 megavat saat elektrik sa\u011flayaca\u011f\u0131n\u0131 ve bunun da eyaletteki elektrik ger\u00e7ekli\u011fini iyile\u015ftirece\u011fini belirtti.<\/p>\n<p style=\"text-align: justify;\">El Rastan trafo merkezi ile ilgili olarak, el Zaher, elektri\u011fi a\u011fa iletmek ve Suriye&#8217;deki di\u011fer trafo merkezlerine ba\u011flanmak i\u00e7in 6 y\u00fcksek voltaj hatt\u0131n\u0131n uyguland\u0131\u011f\u0131n\u0131 belirtirken, Santralin bu y\u0131l sonuna kadar hizmete a\u00e7\u0131lmas\u0131 i\u00e7in y\u00fcr\u00fct\u00fcc\u00fc firma ile \u00e7al\u0131\u015fmalar\u0131n devam etti\u011fine dikkat \u00e7ekti.<\/p>\n<p style=\"text-align: justify;\">El Zaher, Suriye&#8217;ye uygulanan tek tarafl\u0131 zorlay\u0131c\u0131 tedbirlerin ve istasyonlar i\u00e7in ihtiya\u00e7 duyulan y\u00fcksek ekipman fiyatlar\u0131n\u0131n, Elektrik Bakanl\u0131\u011f\u0131&#8217;ndaki i\u015f\u00e7ileri iki istasyondaki \u00e7al\u0131\u015fmalar\u0131nda ileri bir a\u015famaya ge\u00e7mek i\u00e7in kendilerine ve uzmanl\u0131klar\u0131na g\u00fcvenmeye te\u015fvik etti\u011fini dile getirirken, bunun, devlet hazinesine yakla\u015f\u0131k 40 milyon euro tasarruf etti\u011fine i\u015faret etti.<\/p>\n<p style=\"text-align: justify;\">P.M.<\/p>\n","protected":false},"excerpt":{"rendered":"<p>HALEP \u2013 Elektrik \u0130letim ve Da\u011f\u0131t\u0131m Genel M\u00fcd\u00fcr\u00fc Favaz el Zaher, Halep termal transfer istasyonunda be\u015finci grup bak\u0131m ve rehabilitasyon \u00e7al\u0131\u015fmalar\u0131n\u0131n y\u00fcksek uygulama oranlar\u0131na ula\u015ft\u0131\u011f\u0131n\u0131 ve yak\u0131nda hizmete girece\u011fini duyurdu. Bu ba\u011flamda el Zaher, Lazkiye&#8217;deki Rastan trafo merkezinin in\u015fas\u0131nda tamamlanma y\u00fczdesi istasyonda y\u00fczde 80&#8217;e, y\u00fcksek gerilim hatlar\u0131nda y\u00fczde 85&#8217;e ula\u015ft\u0131\u011f\u0131n\u0131 s\u00f6yledi. SANA&#8217;ya bug\u00fcn yapt\u0131\u011f\u0131 a\u00e7\u0131klamada &hellip;<\/p>\n","protected":false},"author":1,"featured_media":256623,"comment_status":"closed","ping_status":"closed","sticky":false,"template":"","format":"standard","meta":{"footnotes":""},"categories":[479,17988,478],"tags":[],"class_list":["post-256622","post","type-post","status-publish","format-standard","has-post-thumbnail","","category-haberler-yerel","category-son-haberler","category-yerel"],"_links":{"self":[{"href":"https:\/\/archive.sana.sy\/tr\/index.php?rest_route=\/wp\/v2\/posts\/256622","targetHints":{"allow":["GET"]}}],"collection":[{"href":"https:\/\/archive.sana.sy\/tr\/index.php?rest_route=\/wp\/v2\/posts"}],"about":[{"href":"https:\/\/archive.sana.sy\/tr\/index.php?rest_route=\/wp\/v2\/types\/post"}],"author":[{"embeddable":true,"href":"https:\/\/archive.sana.sy\/tr\/index.php?rest_route=\/wp\/v2\/users\/1"}],"replies":[{"embeddable":true,"href":"https:\/\/archive.sana.sy\/tr\/index.php?rest_route=%2Fwp%2Fv2%2Fcomments&post=256622"}],"version-history":[{"count":0,"href":"https:\/\/archive.sana.sy\/tr\/index.php?rest_route=\/wp\/v2\/posts\/256622\/revisions"}],"wp:featuredmedia":[{"embeddable":true,"href":"https:\/\/archive.sana.sy\/tr\/index.php?rest_route=\/wp\/v2\/media\/256623"}],"wp:attachment":[{"href":"https:\/\/archive.sana.sy\/tr\/index.php?rest_route=%2Fwp%2Fv2%2Fmedia&parent=256622"}],"wp:term":[{"taxonomy":"category","embeddable":true,"href":"https:\/\/archive.sana.sy\/tr\/index.php?rest_route=%2Fwp%2Fv2%2Fcategories&post=256622"},{"taxonomy":"post_tag","embeddable":true,"href":"https:\/\/archive.sana.sy\/tr\/index.php?rest_route=%2Fwp%2Fv2%2Ftags&post=256622"}],"curies":[{"name":"wp","href":"https:\/\/api.w.org\/{rel}","templated":true}]}}