{"id":256663,"date":"2022-06-08T13:37:38","date_gmt":"2022-06-08T10:37:38","guid":{"rendered":"http:\/\/107.6.182.27\/tr\/?p=256663"},"modified":"2022-06-10T08:50:24","modified_gmt":"2022-06-10T05:50:24","slug":"turk-isgali-rakkanin-kuzeyinde-cetelerinin-destegini-yogunlastiriyor","status":"publish","type":"post","link":"https:\/\/archive.sana.sy\/tr\/?p=256663","title":{"rendered":"T\u00fcrk i\u015fgali, Rakka&#8217;n\u0131n Kuzeyinde Kiral\u0131klar\u0131na Deste\u011fini Yo\u011funla\u015ft\u0131r\u0131yor"},"content":{"rendered":"<p>RAKKA \u2013 T\u00fcrk rejimine ba\u011fl\u0131 \u00f6rg\u00fctlerin \u0130dlib\u2019deki geginli\u011fi azaltma b\u00f6lgesine y\u00f6nelik sald\u0131r\u0131lar\u0131n\u0131n s\u0131kl\u0131\u011f\u0131n\u0131n artmas\u0131na paralel olarak T\u00fcrk i\u015fgal g\u00fc\u00e7leri, Rakka&#8217;n\u0131n kuzey k\u0131rsal\u0131ndaki yasad\u0131\u015f\u0131 \u00fcslerine ve destekledikleri ter\u00f6r \u00f6rg\u00fctlerine destek amac\u0131yla ilave takviyeler getirdi.<\/p>\n<p>Yerel kaynaklar Rakka SANA muhabirine yapt\u0131\u011f\u0131 a\u00e7\u0131klamada, ge\u00e7ti\u011fimiz saatlerde 15 askeri ara\u00e7 ve bir birlik ta\u015f\u0131y\u0131c\u0131dan olu\u015fan bir konvoyun, T\u00fcrk topraklar\u0131ndan Rakka&#8217;n\u0131n kuzeyinde yer alan Tel Abyad b\u00f6lgesindeki Yabisa k\u00f6y\u00fc kap\u0131s\u0131ndan girerek T\u00fcrk i\u015fgal g\u00fc\u00e7lerinin ve destekledikleri ter\u00f6r \u00f6rg\u00fctlerinin konu\u015flanma noktalar\u0131na do\u011fru y\u00f6neldi\u011fini belirtti.<\/p>\n<p>\u0130dlib&#8217;deki gerginli\u011fi azaltma b\u00f6lgesinde T\u00fcrk rejiminin deste\u011fiyle ter\u00f6r sald\u0131r\u0131lar\u0131n\u0131n s\u0131kl\u0131\u011f\u0131n\u0131n artmas\u0131 ba\u011flam\u0131nda, Hmeymim\u2019deki Rusya Koordinasyon Merkezi Ba\u015fkan Yard\u0131mc\u0131s\u0131 Tu\u011famiral Oleg Zhuravlov yapt\u0131\u011f\u0131 bas\u0131n a\u00e7\u0131klamas\u0131nda: \u201cGerginli\u011fi azaltma b\u00f6lgesinde a\u015f\u0131r\u0131l\u0131k yanl\u0131s\u0131 \u00f6rg\u00fctlerin ter\u00f6r faaliyetleri art\u0131yor\u201d dedi.<\/p>\n<p>Zhuravlov, ter\u00f6ristlerin g\u00fcvenli b\u00f6lgeleri ve b\u00f6lgedeki Suriye Arap Ordusu noktalar\u0131n\u0131 bombalamalar\u0131n\u0131 yo\u011funla\u015ft\u0131rd\u0131\u011f\u0131n\u0131 belirtti.<\/p>\n<p><a class=\"oajrlxb2 g5ia77u1 qu0x051f esr5mh6w e9989ue4 r7d6kgcz rq0escxv nhd2j8a9 nc684nl6 p7hjln8o kvgmc6g5 cxmmr5t8 oygrvhab hcukyx3x jb3vyjys rz4wbd8a qt6c0cv9 a8nywdso i1ao9s8h esuyzwwr f1sip0of lzcic4wl gpro0wi8 q66pz984 b1v8xokw\" tabindex=\"0\" role=\"link\" href=\"https:\/\/www.facebook.com\/hashtag\/telegram_kanal%C4%B1m%C4%B1z?__eep__=6&amp;__cft__[0]=AZXXrlajRPTBpVSk2jKuimrfP-ytHe57Lq3xXNXikP3yPFzjMt3jS5lWYvv9ycF1YbWnDqaKGRb5cUUuh1KAytqFxg51TfH2AaPWM73uGq3-09aDlU1aXUgiW641F88j4P_r3Mv2X-FbjWMtkN_VKdMgsQGV2X5_gCCxWc-zGks3Ig&amp;__tn__=*NK-R\">#Telegram_Kanal\u0131m\u0131z<\/a>:\u00a0<a class=\"oajrlxb2 g5ia77u1 qu0x051f esr5mh6w e9989ue4 r7d6kgcz rq0escxv nhd2j8a9 nc684nl6 p7hjln8o kvgmc6g5 cxmmr5t8 oygrvhab hcukyx3x jb3vyjys rz4wbd8a qt6c0cv9 a8nywdso i1ao9s8h esuyzwwr f1sip0of lzcic4wl gpro0wi8 py34i1dx\" tabindex=\"0\" role=\"link\" href=\"https:\/\/l.facebook.com\/l.php?u=https%3A%2F%2Ft.me%2FSuriyeArapHaberAjans%3Ffbclid%3DIwAR1gdUjxlmjxw4Ruceic3lI-xAR8Y4AlDGCROn0ls0Uds0QU9N1Hy-xPGWU&amp;h=AT1bpoJL12GHZ2laFkwJ-6TJ9YfPdRK0QFygsRlI04MpEO_AKYjsIzTh_JnRCTLByzSCQkZBwM5uhonaLgHD4Rqav3PM1CR0EXlWANkInBlZGa-IX2QPb8lMeUd-rBC99sk&amp;__tn__=-UK-R&amp;c[0]=AT3wRB-XH8CwZxd1_W0aCrh1M0q902rSnPnNrApkasv2U5SX9TjXO-P6QqNOy8ASy9sw7o0jSOmWUjOQNwTNRAdyTiEBcUidNCbIXqITqE-T9RAoQqWlm0uus_GZ5ES1KYb4X902lowVAsMzLp73xO1wFV1uJtVJRrM4oyI8103n1x5JOBaenjx3LlEXrHe57WW1XJyl\" target=\"_blank\" rel=\"nofollow noopener\">https:\/\/t.me\/SuriyeArapHaberAjans<\/a><\/p>\n","protected":false},"excerpt":{"rendered":"<p>RAKKA \u2013 T\u00fcrk rejimine ba\u011fl\u0131 \u00f6rg\u00fctlerin \u0130dlib\u2019deki geginli\u011fi azaltma b\u00f6lgesine y\u00f6nelik sald\u0131r\u0131lar\u0131n\u0131n s\u0131kl\u0131\u011f\u0131n\u0131n artmas\u0131na paralel olarak T\u00fcrk i\u015fgal g\u00fc\u00e7leri, Rakka&#8217;n\u0131n kuzey k\u0131rsal\u0131ndaki yasad\u0131\u015f\u0131 \u00fcslerine ve destekledikleri ter\u00f6r \u00f6rg\u00fctlerine destek amac\u0131yla ilave takviyeler getirdi. Yerel kaynaklar Rakka SANA muhabirine yapt\u0131\u011f\u0131 a\u00e7\u0131klamada, ge\u00e7ti\u011fimiz saatlerde 15 askeri ara\u00e7 ve bir birlik ta\u015f\u0131y\u0131c\u0131dan olu\u015fan bir konvoyun, T\u00fcrk topraklar\u0131ndan Rakka&#8217;n\u0131n &hellip;<\/p>\n","protected":false},"author":36,"featured_media":256664,"comment_status":"closed","ping_status":"closed","sticky":false,"template":"","format":"standard","meta":{"footnotes":""},"categories":[479,575,17988,2554,2555,478],"tags":[],"class_list":["post-256663","post","type-post","status-publish","format-standard","has-post-thumbnail","","category-haberler-yerel","category-olaylar-ve-gercekler","category-son-haberler","category-suriye-ve-dunya","category-suriye-ve-turkiye","category-yerel"],"_links":{"self":[{"href":"https:\/\/archive.sana.sy\/tr\/index.php?rest_route=\/wp\/v2\/posts\/256663","targetHints":{"allow":["GET"]}}],"collection":[{"href":"https:\/\/archive.sana.sy\/tr\/index.php?rest_route=\/wp\/v2\/posts"}],"about":[{"href":"https:\/\/archive.sana.sy\/tr\/index.php?rest_route=\/wp\/v2\/types\/post"}],"author":[{"embeddable":true,"href":"https:\/\/archive.sana.sy\/tr\/index.php?rest_route=\/wp\/v2\/users\/36"}],"replies":[{"embeddable":true,"href":"https:\/\/archive.sana.sy\/tr\/index.php?rest_route=%2Fwp%2Fv2%2Fcomments&post=256663"}],"version-history":[{"count":0,"href":"https:\/\/archive.sana.sy\/tr\/index.php?rest_route=\/wp\/v2\/posts\/256663\/revisions"}],"wp:featuredmedia":[{"embeddable":true,"href":"https:\/\/archive.sana.sy\/tr\/index.php?rest_route=\/wp\/v2\/media\/256664"}],"wp:attachment":[{"href":"https:\/\/archive.sana.sy\/tr\/index.php?rest_route=%2Fwp%2Fv2%2Fmedia&parent=256663"}],"wp:term":[{"taxonomy":"category","embeddable":true,"href":"https:\/\/archive.sana.sy\/tr\/index.php?rest_route=%2Fwp%2Fv2%2Fcategories&post=256663"},{"taxonomy":"post_tag","embeddable":true,"href":"https:\/\/archive.sana.sy\/tr\/index.php?rest_route=%2Fwp%2Fv2%2Ftags&post=256663"}],"curies":[{"name":"wp","href":"https:\/\/api.w.org\/{rel}","templated":true}]}}