{"id":256687,"date":"2022-06-09T09:26:13","date_gmt":"2022-06-09T06:26:13","guid":{"rendered":"http:\/\/107.6.182.27\/tr\/?p=256687"},"modified":"2022-06-10T08:50:55","modified_gmt":"2022-06-10T05:50:55","slug":"bati-yakada-3-filistinli-yaralandi","status":"publish","type":"post","link":"https:\/\/archive.sana.sy\/tr\/?p=256687","title":{"rendered":"Bat\u0131 Yaka\u2019da 3 Filistinli Yaraland\u0131"},"content":{"rendered":"<p>\u0130\u015eGAL ED\u0130LEN KUD\u00dcS \u2013 \u0130srail i\u015fgal g\u00fc\u00e7lerinin Bat\u0131 Yaka\u2019n\u0131n farkl\u0131 b\u00f6lgelerine d\u00fczenledi\u011fi bask\u0131n s\u0131ras\u0131nda \u00fc\u00e7 Filistinli yaraland\u0131 ve di\u011ferleri tutukland\u0131.<\/p>\n<p>Filistinli WAFA Haber Ajans\u0131, \u0130srail i\u015fgal g\u00fc\u00e7lerinin, Cenin \u015fehrini ve kamp\u0131n\u0131, i\u015fgal edilen Kud\u00fcs&#8217;\u00fcn do\u011fusundaki El \u0130ysaviye beldesini ve Ramallah kentine bask\u0131n d\u00fczenleyip Filistinlilere ate\u015f a\u00e7t\u0131\u011f\u0131n\u0131, \u00fc\u00e7 ki\u015fiyi yaralad\u0131\u011f\u0131n\u0131 ve 11 ki\u015fiyi tutuklad\u0131\u011f\u0131n\u0131 belirtti.<\/p>\n<p><span style=\"color: #0000ff;\">#Telegram_Kanal\u0131m\u0131z:\u00a0https:\/\/t.me\/SuriyeArapHaberAjans<\/span><\/p>\n<p>&nbsp;<\/p>\n","protected":false},"excerpt":{"rendered":"<p>\u0130\u015eGAL ED\u0130LEN KUD\u00dcS \u2013 \u0130srail i\u015fgal g\u00fc\u00e7lerinin Bat\u0131 Yaka\u2019n\u0131n farkl\u0131 b\u00f6lgelerine d\u00fczenledi\u011fi bask\u0131n s\u0131ras\u0131nda \u00fc\u00e7 Filistinli yaraland\u0131 ve di\u011ferleri tutukland\u0131. Filistinli WAFA Haber Ajans\u0131, \u0130srail i\u015fgal g\u00fc\u00e7lerinin, Cenin \u015fehrini ve kamp\u0131n\u0131, i\u015fgal edilen Kud\u00fcs&#8217;\u00fcn do\u011fusundaki El \u0130ysaviye beldesini ve Ramallah kentine bask\u0131n d\u00fczenleyip Filistinlilere ate\u015f a\u00e7t\u0131\u011f\u0131n\u0131, \u00fc\u00e7 ki\u015fiyi yaralad\u0131\u011f\u0131n\u0131 ve 11 ki\u015fiyi tutuklad\u0131\u011f\u0131n\u0131 belirtti. #Telegram_Kanal\u0131m\u0131z:\u00a0https:\/\/t.me\/SuriyeArapHaberAjans &hellip;<\/p>\n","protected":false},"author":36,"featured_media":256688,"comment_status":"closed","ping_status":"closed","sticky":false,"template":"","format":"standard","meta":{"footnotes":""},"categories":[458,459,17988],"tags":[],"class_list":["post-256687","post","type-post","status-publish","format-standard","has-post-thumbnail","","category-dunya1","category-haberler-arap-uluslararasi-politika","category-son-haberler"],"_links":{"self":[{"href":"https:\/\/archive.sana.sy\/tr\/index.php?rest_route=\/wp\/v2\/posts\/256687","targetHints":{"allow":["GET"]}}],"collection":[{"href":"https:\/\/archive.sana.sy\/tr\/index.php?rest_route=\/wp\/v2\/posts"}],"about":[{"href":"https:\/\/archive.sana.sy\/tr\/index.php?rest_route=\/wp\/v2\/types\/post"}],"author":[{"embeddable":true,"href":"https:\/\/archive.sana.sy\/tr\/index.php?rest_route=\/wp\/v2\/users\/36"}],"replies":[{"embeddable":true,"href":"https:\/\/archive.sana.sy\/tr\/index.php?rest_route=%2Fwp%2Fv2%2Fcomments&post=256687"}],"version-history":[{"count":0,"href":"https:\/\/archive.sana.sy\/tr\/index.php?rest_route=\/wp\/v2\/posts\/256687\/revisions"}],"wp:featuredmedia":[{"embeddable":true,"href":"https:\/\/archive.sana.sy\/tr\/index.php?rest_route=\/wp\/v2\/media\/256688"}],"wp:attachment":[{"href":"https:\/\/archive.sana.sy\/tr\/index.php?rest_route=%2Fwp%2Fv2%2Fmedia&parent=256687"}],"wp:term":[{"taxonomy":"category","embeddable":true,"href":"https:\/\/archive.sana.sy\/tr\/index.php?rest_route=%2Fwp%2Fv2%2Fcategories&post=256687"},{"taxonomy":"post_tag","embeddable":true,"href":"https:\/\/archive.sana.sy\/tr\/index.php?rest_route=%2Fwp%2Fv2%2Ftags&post=256687"}],"curies":[{"name":"wp","href":"https:\/\/api.w.org\/{rel}","templated":true}]}}