{"id":256693,"date":"2022-06-09T08:06:18","date_gmt":"2022-06-09T05:06:18","guid":{"rendered":"http:\/\/107.6.182.27\/tr\/?p=256693"},"modified":"2022-06-10T08:50:35","modified_gmt":"2022-06-10T05:50:35","slug":"putin-ve-raisi-suriyedeki-krizi-cozmek-icin-astana-sureci-cercevesinde-calismaya-devam-ediyoruz","status":"publish","type":"post","link":"https:\/\/archive.sana.sy\/tr\/?p=256693","title":{"rendered":"Putin Ve Raisi: Suriye&#8217;deki Krizi \u00c7\u00f6zmek \u0130\u00e7in Astana S\u00fcreci \u00c7er\u00e7evesinde \u00c7al\u0131\u015fmaya Devam Ediyoruz"},"content":{"rendered":"<p>MOSKOVA \u2013 Rusya Devlet Ba\u015fkan\u0131 Vladimir Putin, \u0130ran Cumhurba\u015fkan\u0131 \u0130brahim Raisi ile yapt\u0131\u011f\u0131 telefon g\u00f6r\u00fc\u015fmesinde, Suriye&#8217;deki durum da dahil olmak \u00fczere bir dizi ikili ve uluslararas\u0131 meseleyi g\u00f6r\u00fc\u015ft\u00fc.<\/p>\n<p>&#8220;Rusya Bug\u00fcn&#8221; Web sitesinin aktard\u0131\u011f\u0131 a\u00e7\u0131klamada Kremlin, g\u00f6r\u00fc\u015fme s\u0131ras\u0131nda Putin ve Raisi, b\u00f6lgesel istikrar\u0131 ve g\u00fcvenli\u011fin sa\u011flanmas\u0131 konular\u0131n\u0131 g\u00f6r\u00fc\u015ft\u00fcklerini belirtirkne, Suriye&#8217;deki krizin \u00e7\u00f6z\u00fcm\u00fcn\u00fc desteklemek i\u00e7in Astana s\u00fcreci \u00e7er\u00e7evesinde \u00e7al\u0131\u015fmaya devam etme taahh\u00fctlerini yinelediklerine i\u015faret etti.<\/p>\n<p>\u0130ki taraf ayr\u0131ca, Rusya-\u0130ran ili\u015fkilerinin d\u00fczeyine duyduklar\u0131 y\u00fcksek takdiri ve ticari ve ekonomik alanlarda ortak projelerin uygulanmas\u0131 da dahil olmak \u00fczere bu ili\u015fkileri daha da geli\u015ftirmek i\u00e7in kar\u015f\u0131l\u0131kl\u0131 \u00e7abalar\u0131n\u0131 dile getirdiler.<\/p>\n<p>\u0130ran&#8217;\u0131n n\u00fckleer program\u0131 etraf\u0131ndaki duruma ili\u015fkin olarak \u0130ki taraf, \u0130ran ile imzalanan n\u00fckleer anla\u015fman\u0131n korunmas\u0131n\u0131 ve BM G\u00fcvenlik Konseyi&#8217;nin \u201c2231\u201d say\u0131l\u0131 Karar\u0131n\u0131n tam olarak uygulanmas\u0131n\u0131 garanti edecek nihai bir anla\u015fmaya var\u0131lmas\u0131 i\u00e7in diplomatik \u00e7abalara devam edilmesi gerekti\u011fini vurgulad\u0131.<\/p>\n<p>Putin ayr\u0131ca \u0130ran&#8217;da meydana gelen ve onlarca ki\u015finin hayat\u0131n\u0131 kaybetti\u011fi tren kazas\u0131 nedeniyle Raisi\u2019ye taziyelerini iletti.<\/p>\n<p><a class=\"oajrlxb2 g5ia77u1 qu0x051f esr5mh6w e9989ue4 r7d6kgcz rq0escxv nhd2j8a9 nc684nl6 p7hjln8o kvgmc6g5 cxmmr5t8 oygrvhab hcukyx3x jb3vyjys rz4wbd8a qt6c0cv9 a8nywdso i1ao9s8h esuyzwwr f1sip0of lzcic4wl gpro0wi8 q66pz984 b1v8xokw\" tabindex=\"0\" role=\"link\" href=\"https:\/\/www.facebook.com\/hashtag\/telegram_kanal%C4%B1m%C4%B1z?__eep__=6&amp;__cft__[0]=AZWkzXz_zG6dGOXcVo7NiRUhTjq2bP5CmEeI6PU7vEZCFSiiLwFzSiHclec8krCPWNBHM0LM5pkqXdC-n6sq0O9wcvJ-j1JSV1gdJpLOCnJnruy600przDfzstFB5nGx8ZWu8zsoQGw1FsiWUHhEiA_6u4v1KFg-GEobGOXKGb3CkA&amp;__tn__=*NK-R\">#Telegram_Kanal\u0131m\u0131z<\/a>: <a class=\"oajrlxb2 g5ia77u1 qu0x051f esr5mh6w e9989ue4 r7d6kgcz rq0escxv nhd2j8a9 nc684nl6 p7hjln8o kvgmc6g5 cxmmr5t8 oygrvhab hcukyx3x jb3vyjys rz4wbd8a qt6c0cv9 a8nywdso i1ao9s8h esuyzwwr f1sip0of lzcic4wl gpro0wi8 py34i1dx\" tabindex=\"0\" role=\"link\" href=\"https:\/\/t.me\/SuriyeArapHaberAjans?fbclid=IwAR0rDGegh1hMKrcsKlExfwqhMUKatvZin-03CJk3K9vefeQG863JcbePaUQ\" target=\"_blank\" rel=\"nofollow noopener\">https:\/\/t.me\/SuriyeArapHaberAjans<\/a><\/p>\n","protected":false},"excerpt":{"rendered":"<p>MOSKOVA \u2013 Rusya Devlet Ba\u015fkan\u0131 Vladimir Putin, \u0130ran Cumhurba\u015fkan\u0131 \u0130brahim Raisi ile yapt\u0131\u011f\u0131 telefon g\u00f6r\u00fc\u015fmesinde, Suriye&#8217;deki durum da dahil olmak \u00fczere bir dizi ikili ve uluslararas\u0131 meseleyi g\u00f6r\u00fc\u015ft\u00fc. &#8220;Rusya Bug\u00fcn&#8221; Web sitesinin aktard\u0131\u011f\u0131 a\u00e7\u0131klamada Kremlin, g\u00f6r\u00fc\u015fme s\u0131ras\u0131nda Putin ve Raisi, b\u00f6lgesel istikrar\u0131 ve g\u00fcvenli\u011fin sa\u011flanmas\u0131 konular\u0131n\u0131 g\u00f6r\u00fc\u015ft\u00fcklerini belirtirkne, Suriye&#8217;deki krizin \u00e7\u00f6z\u00fcm\u00fcn\u00fc desteklemek i\u00e7in Astana s\u00fcreci &hellip;<\/p>\n","protected":false},"author":39,"featured_media":256694,"comment_status":"closed","ping_status":"closed","sticky":false,"template":"","format":"standard","meta":{"footnotes":""},"categories":[458,459,17988],"tags":[],"class_list":["post-256693","post","type-post","status-publish","format-standard","has-post-thumbnail","","category-dunya1","category-haberler-arap-uluslararasi-politika","category-son-haberler"],"_links":{"self":[{"href":"https:\/\/archive.sana.sy\/tr\/index.php?rest_route=\/wp\/v2\/posts\/256693","targetHints":{"allow":["GET"]}}],"collection":[{"href":"https:\/\/archive.sana.sy\/tr\/index.php?rest_route=\/wp\/v2\/posts"}],"about":[{"href":"https:\/\/archive.sana.sy\/tr\/index.php?rest_route=\/wp\/v2\/types\/post"}],"author":[{"embeddable":true,"href":"https:\/\/archive.sana.sy\/tr\/index.php?rest_route=\/wp\/v2\/users\/39"}],"replies":[{"embeddable":true,"href":"https:\/\/archive.sana.sy\/tr\/index.php?rest_route=%2Fwp%2Fv2%2Fcomments&post=256693"}],"version-history":[{"count":0,"href":"https:\/\/archive.sana.sy\/tr\/index.php?rest_route=\/wp\/v2\/posts\/256693\/revisions"}],"wp:featuredmedia":[{"embeddable":true,"href":"https:\/\/archive.sana.sy\/tr\/index.php?rest_route=\/wp\/v2\/media\/256694"}],"wp:attachment":[{"href":"https:\/\/archive.sana.sy\/tr\/index.php?rest_route=%2Fwp%2Fv2%2Fmedia&parent=256693"}],"wp:term":[{"taxonomy":"category","embeddable":true,"href":"https:\/\/archive.sana.sy\/tr\/index.php?rest_route=%2Fwp%2Fv2%2Fcategories&post=256693"},{"taxonomy":"post_tag","embeddable":true,"href":"https:\/\/archive.sana.sy\/tr\/index.php?rest_route=%2Fwp%2Fv2%2Ftags&post=256693"}],"curies":[{"name":"wp","href":"https:\/\/api.w.org\/{rel}","templated":true}]}}