{"id":256707,"date":"2022-06-09T13:36:01","date_gmt":"2022-06-09T10:36:01","guid":{"rendered":"http:\/\/107.6.182.27\/tr\/?p=256707"},"modified":"2022-06-10T08:51:29","modified_gmt":"2022-06-10T05:51:29","slug":"kamislida-turk-isgaline-ait-ihanin-duzenledigi-saldirida-bir-vatandas-yaralandi","status":"publish","type":"post","link":"https:\/\/archive.sana.sy\/tr\/?p=256707","title":{"rendered":"Kam\u0131\u015fl\u0131&#8217;da T\u00fcrk \u0130\u015fgaline Ait \u0130HA\u2019n\u0131n D\u00fczenledi\u011fi Sald\u0131r\u0131da Bir Vatanda\u015f Yaraland\u0131"},"content":{"rendered":"<p>HASEKE \u2013 Haseke&#8217;nin kuzey k\u0131rsal\u0131nda yer alan Kam\u0131\u015fl\u0131 kentindeki Meyselun mahallesine T\u00fcrk i\u015fgal g\u00fc\u00e7lerinin sald\u0131r\u0131s\u0131 sonucu bir vatanda\u015f yaraland\u0131 ve maddi hasarlar meydana geldi.<\/p>\n<p>Yerel kaynaklar SANA muhabirine, T\u00fcrk i\u015fgal g\u00fc\u00e7lerinin Kam\u0131\u015fl\u0131 kentinde yer alan Meyselun mahallesindeki El Hal Pazar\u0131 \u00e7evresini \u0130HA\u2019yla birka\u00e7 f\u00fczeyle hedef ald\u0131\u011f\u0131n\u0131 belirtirken, bunun sonucundan bir Vatanda\u015f\u0131n yaraland\u0131\u011f\u0131n\u0131, birka\u00e7 araba ve evde de maddi hasarlar meydana geldi\u011fine i\u015faret etti.<\/p>\n<p>\u0130dlib&#8217;de konu\u015fland\u0131r\u0131lan T\u00fcrk i\u015fgaline ba\u011fl\u0131 ter\u00f6r \u00f6rg\u00fctlerinin \u00f6zellikle Hama k\u0131rsal\u0131n\u0131n kuzeyindeki g\u00fcvenli b\u00f6lgelere y\u00f6nelik sald\u0131r\u0131lar\u0131n\u0131n s\u0131kl\u0131\u011f\u0131n\u0131n artmas\u0131na paralel olarak, T\u00fcrk i\u015fgal g\u00fc\u00e7leri ve \u00e7eteleri son g\u00fcnlerde Haseke, Halep ve Rakka&#8217;n\u0131n kuzey k\u0131rsallar\u0131ndaki konut b\u00f6lgelerine y\u00f6nelik sald\u0131r\u0131lar\u0131n\u0131 art\u0131rd\u0131.<\/p>\n<p><a class=\"oajrlxb2 g5ia77u1 qu0x051f esr5mh6w e9989ue4 r7d6kgcz rq0escxv nhd2j8a9 nc684nl6 p7hjln8o kvgmc6g5 cxmmr5t8 oygrvhab hcukyx3x jb3vyjys rz4wbd8a qt6c0cv9 a8nywdso i1ao9s8h esuyzwwr f1sip0of lzcic4wl gpro0wi8 q66pz984 b1v8xokw\" tabindex=\"0\" role=\"link\" href=\"https:\/\/www.facebook.com\/hashtag\/telegram_kanal%C4%B1m%C4%B1z?__eep__=6&amp;__cft__[0]=AZUY7gxtowwIEnhYSt8mLZ5_I4ZQz2QYt0DNErIC4YToAxkAijugVDcA9dJSsyVUVUq_4_3Tzbm5LRzj0tQSDwnUb0ckwSJUbd1eW0xuEGXE7sbYpINY3m0Di_B_XExHgjSerL9ZghNO1A6XpLuNOAHqKvxJbrYpDTJjFs8y4tONrA&amp;__tn__=*NK-R\">#Telegram_Kanal\u0131m\u0131z<\/a>: <a class=\"oajrlxb2 g5ia77u1 qu0x051f esr5mh6w e9989ue4 r7d6kgcz rq0escxv nhd2j8a9 nc684nl6 p7hjln8o kvgmc6g5 cxmmr5t8 oygrvhab hcukyx3x jb3vyjys rz4wbd8a qt6c0cv9 a8nywdso i1ao9s8h esuyzwwr f1sip0of lzcic4wl gpro0wi8 py34i1dx\" tabindex=\"0\" role=\"link\" href=\"https:\/\/t.me\/SuriyeArapHaberAjans?fbclid=IwAR16VqA_3fIwVccijQsp_jQyMHc6dGSDwdWm_qAWgMZSu8SMDwAJVgSibtk\" target=\"_blank\" rel=\"nofollow noopener\">https:\/\/t.me\/SuriyeArapHaberAjans<\/a><\/p>\n","protected":false},"excerpt":{"rendered":"<p>HASEKE \u2013 Haseke&#8217;nin kuzey k\u0131rsal\u0131nda yer alan Kam\u0131\u015fl\u0131 kentindeki Meyselun mahallesine T\u00fcrk i\u015fgal g\u00fc\u00e7lerinin sald\u0131r\u0131s\u0131 sonucu bir vatanda\u015f yaraland\u0131 ve maddi hasarlar meydana geldi. Yerel kaynaklar SANA muhabirine, T\u00fcrk i\u015fgal g\u00fc\u00e7lerinin Kam\u0131\u015fl\u0131 kentinde yer alan Meyselun mahallesindeki El Hal Pazar\u0131 \u00e7evresini \u0130HA\u2019yla birka\u00e7 f\u00fczeyle hedef ald\u0131\u011f\u0131n\u0131 belirtirken, bunun sonucundan bir Vatanda\u015f\u0131n yaraland\u0131\u011f\u0131n\u0131, birka\u00e7 araba ve &hellip;<\/p>\n","protected":false},"author":39,"featured_media":256709,"comment_status":"closed","ping_status":"closed","sticky":false,"template":"","format":"standard","meta":{"footnotes":""},"categories":[479,575,17988,478],"tags":[],"class_list":["post-256707","post","type-post","status-publish","format-standard","has-post-thumbnail","","category-haberler-yerel","category-olaylar-ve-gercekler","category-son-haberler","category-yerel"],"_links":{"self":[{"href":"https:\/\/archive.sana.sy\/tr\/index.php?rest_route=\/wp\/v2\/posts\/256707","targetHints":{"allow":["GET"]}}],"collection":[{"href":"https:\/\/archive.sana.sy\/tr\/index.php?rest_route=\/wp\/v2\/posts"}],"about":[{"href":"https:\/\/archive.sana.sy\/tr\/index.php?rest_route=\/wp\/v2\/types\/post"}],"author":[{"embeddable":true,"href":"https:\/\/archive.sana.sy\/tr\/index.php?rest_route=\/wp\/v2\/users\/39"}],"replies":[{"embeddable":true,"href":"https:\/\/archive.sana.sy\/tr\/index.php?rest_route=%2Fwp%2Fv2%2Fcomments&post=256707"}],"version-history":[{"count":0,"href":"https:\/\/archive.sana.sy\/tr\/index.php?rest_route=\/wp\/v2\/posts\/256707\/revisions"}],"wp:featuredmedia":[{"embeddable":true,"href":"https:\/\/archive.sana.sy\/tr\/index.php?rest_route=\/wp\/v2\/media\/256709"}],"wp:attachment":[{"href":"https:\/\/archive.sana.sy\/tr\/index.php?rest_route=%2Fwp%2Fv2%2Fmedia&parent=256707"}],"wp:term":[{"taxonomy":"category","embeddable":true,"href":"https:\/\/archive.sana.sy\/tr\/index.php?rest_route=%2Fwp%2Fv2%2Fcategories&post=256707"},{"taxonomy":"post_tag","embeddable":true,"href":"https:\/\/archive.sana.sy\/tr\/index.php?rest_route=%2Fwp%2Fv2%2Ftags&post=256707"}],"curies":[{"name":"wp","href":"https:\/\/api.w.org\/{rel}","templated":true}]}}