{"id":256733,"date":"2022-06-09T18:04:41","date_gmt":"2022-06-09T15:04:41","guid":{"rendered":"http:\/\/107.6.182.27\/tr\/?p=256733"},"modified":"2022-06-10T08:51:41","modified_gmt":"2022-06-10T05:51:41","slug":"sinavdan-donerken-dsg-kursunlariyla-bir-ogrenci-sehit-biri-de-yarali","status":"publish","type":"post","link":"https:\/\/archive.sana.sy\/tr\/?p=256733","title":{"rendered":"S\u0131navdan D\u00f6nerken DSG Kur\u015funlar\u0131yla Bir \u00d6\u011frenci \u015eehit, Biri De Yaral\u0131"},"content":{"rendered":"<p>RAKKA &#8211; Rakka&#8217;n\u0131n g\u00fcneyindeki \u015einan k\u00f6y\u00fcnde Amerikan i\u015fgal g\u00fc\u00e7lerinin destekledi\u011fi &#8220;DSG&#8221; milislerinin kendilerine ate\u015f a\u00e7mas\u0131 sonucu bir \u00f6\u011frenci \u015fehit oldu, bir \u00f6\u011frenci de yaraland\u0131.<\/p>\n<p>Yerel kaynaklar SANA muhabirine, DSG&#8217;nin silahl\u0131 milislerinin Rakka kentinin g\u00fcneyindeki \u015einan k\u00f6y\u00fcnde F\u0131rat Nehri k\u0131y\u0131s\u0131nda s\u0131navlardan d\u00f6nerken bir grup \u00f6\u011frenciyi do\u011frudan vurarak bir \u00f6\u011frenciyi \u015fehit etti\u011fini, bir di\u011ferini de yaralad\u0131\u011f\u0131n\u0131 s\u00f6yledi.<\/p>\n<p>Kaynaklar, milislerin \u00e7ocuklar\u0131n\u0131 hedef almas\u0131 ve onlara y\u00f6nelik su\u00e7 uygulamalar\u0131n\u0131 s\u00fcrd\u00fcrmesi nedeniyle halk aras\u0131nda \u00f6fke ve gerginlik halinin hakim oldu\u011fu b\u00f6lgeye b\u00fcy\u00fck askeri takviyeler getirdi\u011fini belirtti.<\/p>\n<p>&nbsp;<\/p>\n","protected":false},"excerpt":{"rendered":"<p>RAKKA &#8211; Rakka&#8217;n\u0131n g\u00fcneyindeki \u015einan k\u00f6y\u00fcnde Amerikan i\u015fgal g\u00fc\u00e7lerinin destekledi\u011fi &#8220;DSG&#8221; milislerinin kendilerine ate\u015f a\u00e7mas\u0131 sonucu bir \u00f6\u011frenci \u015fehit oldu, bir \u00f6\u011frenci de yaraland\u0131. Yerel kaynaklar SANA muhabirine, DSG&#8217;nin silahl\u0131 milislerinin Rakka kentinin g\u00fcneyindeki \u015einan k\u00f6y\u00fcnde F\u0131rat Nehri k\u0131y\u0131s\u0131nda s\u0131navlardan d\u00f6nerken bir grup \u00f6\u011frenciyi do\u011frudan vurarak bir \u00f6\u011frenciyi \u015fehit etti\u011fini, bir di\u011ferini de yaralad\u0131\u011f\u0131n\u0131 s\u00f6yledi. &hellip;<\/p>\n","protected":false},"author":1,"featured_media":256734,"comment_status":"closed","ping_status":"closed","sticky":false,"template":"","format":"standard","meta":{"footnotes":""},"categories":[479,575,17988,478],"tags":[],"class_list":["post-256733","post","type-post","status-publish","format-standard","has-post-thumbnail","","category-haberler-yerel","category-olaylar-ve-gercekler","category-son-haberler","category-yerel"],"_links":{"self":[{"href":"https:\/\/archive.sana.sy\/tr\/index.php?rest_route=\/wp\/v2\/posts\/256733","targetHints":{"allow":["GET"]}}],"collection":[{"href":"https:\/\/archive.sana.sy\/tr\/index.php?rest_route=\/wp\/v2\/posts"}],"about":[{"href":"https:\/\/archive.sana.sy\/tr\/index.php?rest_route=\/wp\/v2\/types\/post"}],"author":[{"embeddable":true,"href":"https:\/\/archive.sana.sy\/tr\/index.php?rest_route=\/wp\/v2\/users\/1"}],"replies":[{"embeddable":true,"href":"https:\/\/archive.sana.sy\/tr\/index.php?rest_route=%2Fwp%2Fv2%2Fcomments&post=256733"}],"version-history":[{"count":0,"href":"https:\/\/archive.sana.sy\/tr\/index.php?rest_route=\/wp\/v2\/posts\/256733\/revisions"}],"wp:featuredmedia":[{"embeddable":true,"href":"https:\/\/archive.sana.sy\/tr\/index.php?rest_route=\/wp\/v2\/media\/256734"}],"wp:attachment":[{"href":"https:\/\/archive.sana.sy\/tr\/index.php?rest_route=%2Fwp%2Fv2%2Fmedia&parent=256733"}],"wp:term":[{"taxonomy":"category","embeddable":true,"href":"https:\/\/archive.sana.sy\/tr\/index.php?rest_route=%2Fwp%2Fv2%2Fcategories&post=256733"},{"taxonomy":"post_tag","embeddable":true,"href":"https:\/\/archive.sana.sy\/tr\/index.php?rest_route=%2Fwp%2Fv2%2Ftags&post=256733"}],"curies":[{"name":"wp","href":"https:\/\/api.w.org\/{rel}","templated":true}]}}