{"id":256736,"date":"2022-06-09T18:16:36","date_gmt":"2022-06-09T15:16:36","guid":{"rendered":"http:\/\/107.6.182.27\/tr\/?p=256736"},"modified":"2022-06-10T08:51:58","modified_gmt":"2022-06-10T05:51:58","slug":"musavvah-brezilya-buyukelcisiyle-kulturel-iliskileri-gelistirmenin-yollarini-ele-aldi","status":"publish","type":"post","link":"https:\/\/archive.sana.sy\/tr\/?p=256736","title":{"rendered":"Mu\u015favvah Brezilya B\u00fcy\u00fckel\u00e7isiyle K\u00fclt\u00fcrel \u0130li\u015fkileri Geli\u015ftirmenin Yollar\u0131n\u0131 Ele Ald\u0131"},"content":{"rendered":"<p style=\"text-align: justify;\">\u015eAM &#8211; K\u00fclt\u00fcr Bakan\u0131 Dr. Lubana Mu\u015favvah bug\u00fcn, Brezilya&#8217;n\u0131n \u015eam B\u00fcy\u00fckel\u00e7isi Fabio Vaz Petaluca ile k\u00fclt\u00fcrel i\u015fbirli\u011finin g\u00fc\u00e7lendirilmesi ve onu geli\u015ftirmenin yollar\u0131 ile Suriye illerinde Brezilya Film Festivali&#8217;nin yeniden ba\u015flat\u0131lmas\u0131 konusunu g\u00f6r\u00fc\u015ft\u00fc.<\/p>\n<p style=\"text-align: justify;\">K\u00fclt\u00fcr Bakanl\u0131\u011f\u0131&#8217;n\u0131n resmi platformunda sosyal medya \u00fczerinden yay\u0131nlanan bir a\u00e7\u0131klamaya g\u00f6re, iki taraf iki dost \u00fclke aras\u0131ndaki 75 y\u0131l\u0131 a\u015fk\u0131n s\u00fcredir her d\u00fczeydeki ili\u015fkilerin derinli\u011fini belirtti.<\/p>\n<p style=\"text-align: justify;\">K\u00fclt\u00fcrel de\u011fi\u015fim, konserler d\u00fczenleme, sanatsal ve m\u00fczikal gruplara ev sahipli\u011fi yapma ve Brezilya taraf\u0131n\u0131n K\u00fclt\u00fcr Bakanl\u0131\u011f\u0131&#8217;ndaki y\u00fcksek enstit\u00fc \u00f6\u011frencilerine burs verme olas\u0131l\u0131\u011f\u0131 ele al\u0131nd\u0131.<\/p>\n<p style=\"text-align: justify;\">K\u00fclt\u00fcr Bakanl\u0131\u011f\u0131 binas\u0131nda ger\u00e7ekle\u015ftirilen toplant\u0131da Dr. Mu\u015favvah, Suriye&#8217;deki genel k\u00fclt\u00fcr ortam\u0131n\u0131 ve Suriye sava\u015f\u0131 s\u0131ras\u0131nda ve sonras\u0131nda eski eserlerin durumunu, koleksiyonlar\u0131n, arkeolojik an\u0131tlar\u0131n, m\u00fczelerin ve tarihi \u015fehirlerin korunmas\u0131, muhafazas\u0131 ve restore edilmesi i\u00e7in al\u0131nan tedbirlerle baz\u0131 Bat\u0131l\u0131 \u00fclkeler taraf\u0131ndan desteklenen silahl\u0131 ter\u00f6rist gruplar taraf\u0131ndan sistematik olarak zarar g\u00f6ren eski pazarlar\u0131 ve yetkili makamlar\u0131n \u00e7al\u0131nan eserleri kurtarmak i\u00e7in g\u00f6sterdi\u011fi \u00e7abalar\u0131 de\u011ferlendirdi.<\/p>\n<p style=\"text-align: justify;\">Kendi y\u00f6n\u00fcnden B\u00fcy\u00fckel\u00e7i Petaluka, toplant\u0131n\u0131n iki dost \u00fclke aras\u0131ndaki deneyim ve delegasyon al\u0131\u015fveri\u015fini art\u0131rma ve aralar\u0131ndaki ili\u015fkileri g\u00fc\u00e7lendirmenin yollar\u0131n\u0131 tart\u0131\u015fma \u00e7er\u00e7evesinde ger\u00e7ekle\u015fti\u011fini a\u00e7\u0131klad\u0131.<\/p>\n<p style=\"text-align: justify;\">\n","protected":false},"excerpt":{"rendered":"<p>\u015eAM &#8211; K\u00fclt\u00fcr Bakan\u0131 Dr. Lubana Mu\u015favvah bug\u00fcn, Brezilya&#8217;n\u0131n \u015eam B\u00fcy\u00fckel\u00e7isi Fabio Vaz Petaluca ile k\u00fclt\u00fcrel i\u015fbirli\u011finin g\u00fc\u00e7lendirilmesi ve onu geli\u015ftirmenin yollar\u0131 ile Suriye illerinde Brezilya Film Festivali&#8217;nin yeniden ba\u015flat\u0131lmas\u0131 konusunu g\u00f6r\u00fc\u015ft\u00fc. K\u00fclt\u00fcr Bakanl\u0131\u011f\u0131&#8217;n\u0131n resmi platformunda sosyal medya \u00fczerinden yay\u0131nlanan bir a\u00e7\u0131klamaya g\u00f6re, iki taraf iki dost \u00fclke aras\u0131ndaki 75 y\u0131l\u0131 a\u015fk\u0131n s\u00fcredir her d\u00fczeydeki &hellip;<\/p>\n","protected":false},"author":1,"featured_media":256737,"comment_status":"closed","ping_status":"closed","sticky":false,"template":"","format":"standard","meta":{"footnotes":""},"categories":[516,479,511,17988,478],"tags":[],"class_list":["post-256736","post","type-post","status-publish","format-standard","has-post-thumbnail","","category-haberler-kultur-ve-sanat","category-haberler-yerel","category-kultur-ve-sanat","category-son-haberler","category-yerel"],"_links":{"self":[{"href":"https:\/\/archive.sana.sy\/tr\/index.php?rest_route=\/wp\/v2\/posts\/256736","targetHints":{"allow":["GET"]}}],"collection":[{"href":"https:\/\/archive.sana.sy\/tr\/index.php?rest_route=\/wp\/v2\/posts"}],"about":[{"href":"https:\/\/archive.sana.sy\/tr\/index.php?rest_route=\/wp\/v2\/types\/post"}],"author":[{"embeddable":true,"href":"https:\/\/archive.sana.sy\/tr\/index.php?rest_route=\/wp\/v2\/users\/1"}],"replies":[{"embeddable":true,"href":"https:\/\/archive.sana.sy\/tr\/index.php?rest_route=%2Fwp%2Fv2%2Fcomments&post=256736"}],"version-history":[{"count":0,"href":"https:\/\/archive.sana.sy\/tr\/index.php?rest_route=\/wp\/v2\/posts\/256736\/revisions"}],"wp:featuredmedia":[{"embeddable":true,"href":"https:\/\/archive.sana.sy\/tr\/index.php?rest_route=\/wp\/v2\/media\/256737"}],"wp:attachment":[{"href":"https:\/\/archive.sana.sy\/tr\/index.php?rest_route=%2Fwp%2Fv2%2Fmedia&parent=256736"}],"wp:term":[{"taxonomy":"category","embeddable":true,"href":"https:\/\/archive.sana.sy\/tr\/index.php?rest_route=%2Fwp%2Fv2%2Fcategories&post=256736"},{"taxonomy":"post_tag","embeddable":true,"href":"https:\/\/archive.sana.sy\/tr\/index.php?rest_route=%2Fwp%2Fv2%2Ftags&post=256736"}],"curies":[{"name":"wp","href":"https:\/\/api.w.org\/{rel}","templated":true}]}}