{"id":256739,"date":"2022-06-09T18:32:40","date_gmt":"2022-06-09T15:32:40","guid":{"rendered":"http:\/\/107.6.182.27\/tr\/?p=256739"},"modified":"2022-06-10T08:52:36","modified_gmt":"2022-06-10T05:52:36","slug":"haddur-suriyenin-iaea-ile-isbirligi-durmadi","status":"publish","type":"post","link":"https:\/\/archive.sana.sy\/tr\/?p=256739","title":{"rendered":"Haddur: Suriye&#8217;nin IAEA \u0130le \u0130\u015fbirli\u011fi Durmad\u0131"},"content":{"rendered":"<p style=\"text-align: justify;\">V\u0130YANA &#8211; Suriye Arap Cumhuriyeti&#8217;nin Viyana&#8217;daki Uluslararas\u0131 Atom Enerjisi Ajans\u0131 (IAEA) Daimi Temsilcisi B\u00fcy\u00fckel\u00e7i Hassan Haddur, Suriye&#8217;nin IAEA ile i\u015fbirli\u011finin hi\u00e7bir zaman durmad\u0131\u011f\u0131n\u0131 yineledi. Birbirini takip eden g\u00fcvenlik \u00f6nlemlerini uygulama raporlar\u0131, Suriye&#8217;nin Kapsaml\u0131 S\u00f6zle\u015fme kapsam\u0131ndaki yasal y\u00fck\u00fcml\u00fcl\u00fcklerini yerine getirmekte gecikmedi\u011fini, Koruma \u00d6nleme Anla\u015fmas\u0131 ve Yay\u0131lmay\u0131 \u00d6nleme Anla\u015fmas\u0131 ve t\u00fcm Zaman\u0131nda periyodik denetim taleplerini yerine getirdi\u011fini belirtti.<\/p>\n<p style=\"text-align: justify;\">B\u00fcy\u00fckel\u00e7i Haddur d\u00fcn IAEA Guvern\u00f6rler Kurulu&#8217;nun Haziran 2022 ay\u0131 oturumu s\u0131ras\u0131nda yapt\u0131\u011f\u0131 a\u00e7\u0131klamada, Suriye&#8217;nin i\u015fbirli\u011fi \u00e7er\u00e7evesinde, Suriye&#8217;nin do\u011fas\u0131na ili\u015fkin baz\u0131 \u00f6nemli sorunlar\u0131 \u00e7\u00f6zmek i\u00e7in azami esneklik ve ciddiyet teklif etti\u011fini a\u00e7\u0131klayarak, Suriye&#8217;nin Haziran 2008&#8217;de \u0130srail&#8217;in Deyrezzor&#8217;daki sald\u0131rganl\u0131\u011f\u0131 taraf\u0131ndan tahrip edilen sitenin Ajans m\u00fcfetti\u015fleri taraf\u0131ndan ziyaret edilmesine, sitede serbest\u00e7e dola\u015fabilmelerine ve \u00e7evresel \u00f6rnekler toplamalar\u0131na izin verdi\u011fine i\u015faret etti.<\/p>\n<p style=\"text-align: justify;\">Haddur, Suriye&#8217;nin g\u00fcndeme getirdikleri t\u00fcm sorular\u0131 yan\u0131tlad\u0131\u011f\u0131n\u0131 ve bunun da Ekim 2011&#8217;de \u015eam&#8217;da ger\u00e7ekle\u015ftirilen toplant\u0131da ula\u015f\u0131lan bir eylem plan\u0131 \u00fczerinde Ajans ile anla\u015fmaya var\u0131lmas\u0131yla sonu\u00e7land\u0131\u011f\u0131n\u0131 ancak baz\u0131 tan\u0131nm\u0131\u015f \u00fcye devletlerin \u0131srarla izledikleri kafa kar\u0131\u015f\u0131kl\u0131\u011f\u0131 yoluyla bu \u00e7aban\u0131n uygulanmas\u0131n\u0131n engellendi\u011fine i\u015faret ederek, Suriye&#8217;nin Ajans ile imzalanan Yay\u0131lman\u0131n \u00d6nlenmesi Anla\u015fmas\u0131 ve Kapsaml\u0131 Korunma \u00d6nlemleri Anla\u015fmas\u0131 kapsam\u0131ndaki y\u00fck\u00fcml\u00fcl\u00fcklerine ba\u011fl\u0131 kalaca\u011f\u0131n\u0131 vurgulad\u0131.<\/p>\n<p style=\"text-align: justify;\">B\u00fcy\u00fckel\u00e7i Haddur \u00f6te yandan, \u0130srail&#8217;in b\u00f6lgedeki sald\u0131rgan davran\u0131\u015flar\u0131n\u0131n ve n\u00fckleer yetenekleriyle N\u00fckleer Silahlar\u0131n Yay\u0131lmas\u0131n\u0131n \u00d6nlenmesi Anla\u015fmas\u0131 ve Te\u015fkilat ile kapsaml\u0131 bir g\u00fcvenlik anla\u015fmas\u0131n\u0131n d\u0131\u015f\u0131nda varl\u0131\u011f\u0131n\u0131 s\u00fcrd\u00fcrmesinin, n\u00fckleer silahlar\u0131n yay\u0131lmas\u0131n\u0131 \u00f6nleme rejimi i\u00e7in b\u00fcy\u00fck bir tehlike olu\u015fturdu\u011funu vurgulayarak, (\u0130srail)&#8217;in b\u00f6lgedeki ko\u015fullar\u0131 ve durumlar\u0131 istismar ederek defalarca sivillere ve askeri personele zararlar verdi\u011fine dikkat \u00e7ekti.<\/p>\n<p style=\"text-align: justify;\">Haddur, \u0130srail&#8217;in Ortado\u011fu&#8217;da n\u00fckleer silahlardan ve kitle imha silahlar\u0131ndan ar\u0131nd\u0131r\u0131lm\u0131\u015f bir b\u00f6lge kurulmas\u0131 y\u00f6n\u00fcndeki t\u00fcm giri\u015fimleri reddetmesinin, \u0130srail&#8217;i her g\u00fcn b\u00f6lgede g\u00fcvenlik ve istikrar i\u00e7in bir tehdit haline getirdi\u011fini belirtti.<\/p>\n<p style=\"text-align: justify;\">Haddur a\u00e7\u0131klamas\u0131nda, Sekreterlik taraf\u0131ndan Haziran 2011&#8217;de Guvern\u00f6rler Kurulu&#8217;na sunulan a\u011f\u0131rl\u0131kl\u0131 sonucun, Uluslararas\u0131 Ajans\u0131n \u00e7al\u0131\u015fmalar\u0131n\u0131n teknik ve bilimsel y\u00f6ntemleriyle tutarl\u0131 olmad\u0131\u011f\u0131n\u0131, sonu\u00e7suz ve fiziksel kan\u0131t bulunmad\u0131\u011f\u0131na dikkat \u00e7ekti.<\/p>\n<p style=\"text-align: justify;\">\n","protected":false},"excerpt":{"rendered":"<p>V\u0130YANA &#8211; Suriye Arap Cumhuriyeti&#8217;nin Viyana&#8217;daki Uluslararas\u0131 Atom Enerjisi Ajans\u0131 (IAEA) Daimi Temsilcisi B\u00fcy\u00fckel\u00e7i Hassan Haddur, Suriye&#8217;nin IAEA ile i\u015fbirli\u011finin hi\u00e7bir zaman durmad\u0131\u011f\u0131n\u0131 yineledi. Birbirini takip eden g\u00fcvenlik \u00f6nlemlerini uygulama raporlar\u0131, Suriye&#8217;nin Kapsaml\u0131 S\u00f6zle\u015fme kapsam\u0131ndaki yasal y\u00fck\u00fcml\u00fcl\u00fcklerini yerine getirmekte gecikmedi\u011fini, Koruma \u00d6nleme Anla\u015fmas\u0131 ve Yay\u0131lmay\u0131 \u00d6nleme Anla\u015fmas\u0131 ve t\u00fcm Zaman\u0131nda periyodik denetim taleplerini yerine getirdi\u011fini &hellip;<\/p>\n","protected":false},"author":1,"featured_media":256740,"comment_status":"closed","ping_status":"closed","sticky":false,"template":"","format":"standard","meta":{"footnotes":""},"categories":[458,459,17988],"tags":[],"class_list":["post-256739","post","type-post","status-publish","format-standard","has-post-thumbnail","","category-dunya1","category-haberler-arap-uluslararasi-politika","category-son-haberler"],"_links":{"self":[{"href":"https:\/\/archive.sana.sy\/tr\/index.php?rest_route=\/wp\/v2\/posts\/256739","targetHints":{"allow":["GET"]}}],"collection":[{"href":"https:\/\/archive.sana.sy\/tr\/index.php?rest_route=\/wp\/v2\/posts"}],"about":[{"href":"https:\/\/archive.sana.sy\/tr\/index.php?rest_route=\/wp\/v2\/types\/post"}],"author":[{"embeddable":true,"href":"https:\/\/archive.sana.sy\/tr\/index.php?rest_route=\/wp\/v2\/users\/1"}],"replies":[{"embeddable":true,"href":"https:\/\/archive.sana.sy\/tr\/index.php?rest_route=%2Fwp%2Fv2%2Fcomments&post=256739"}],"version-history":[{"count":0,"href":"https:\/\/archive.sana.sy\/tr\/index.php?rest_route=\/wp\/v2\/posts\/256739\/revisions"}],"wp:featuredmedia":[{"embeddable":true,"href":"https:\/\/archive.sana.sy\/tr\/index.php?rest_route=\/wp\/v2\/media\/256740"}],"wp:attachment":[{"href":"https:\/\/archive.sana.sy\/tr\/index.php?rest_route=%2Fwp%2Fv2%2Fmedia&parent=256739"}],"wp:term":[{"taxonomy":"category","embeddable":true,"href":"https:\/\/archive.sana.sy\/tr\/index.php?rest_route=%2Fwp%2Fv2%2Fcategories&post=256739"},{"taxonomy":"post_tag","embeddable":true,"href":"https:\/\/archive.sana.sy\/tr\/index.php?rest_route=%2Fwp%2Fv2%2Ftags&post=256739"}],"curies":[{"name":"wp","href":"https:\/\/api.w.org\/{rel}","templated":true}]}}