{"id":256742,"date":"2022-06-09T18:46:13","date_gmt":"2022-06-09T15:46:13","guid":{"rendered":"http:\/\/107.6.182.27\/tr\/?p=256742"},"modified":"2022-06-10T08:55:16","modified_gmt":"2022-06-10T05:55:16","slug":"uzlasma-heyetleri-tum-arananlar-katilana-kadar-deyrezzor-halep-ve-rakkadaki-merkezler-calismalarina-devam-edecek","status":"publish","type":"post","link":"https:\/\/archive.sana.sy\/tr\/?p=256742","title":{"rendered":"Uzla\u015fma Heyetleri: T\u00fcm Arananlar Kat\u0131lana Kadar Deyrezzor, Halep Ve Rakka&#8217;daki Merkezler \u00c7al\u0131\u015fmalar\u0131na Devam Edecek"},"content":{"rendered":"<p style=\"text-align: justify;\">\u0130LLER &#8211;\u00a0 Devletin himayesinde vatanda\u015fl\u0131k haklar\u0131 ve g\u00f6revleri \u00e7er\u00e7evesinde istikrarl\u0131 bir ya\u015fam\u0131n ba\u015flamas\u0131na haz\u0131rl\u0131k olarak Deyrezzor, Halep ve Rakka&#8217;da \u00e7ok say\u0131da aranan ki\u015fi \u00e7\u00f6z\u00fcm s\u00fcrecine kat\u0131l\u0131rken, Suriye co\u011frafyas\u0131 genelinde istikrar ve g\u00fcvenlik alan\u0131 geni\u015flemeye devam ediyor.<\/p>\n<p style=\"text-align: justify;\">Deyrezzor&#8217;daki \u0130\u015f\u00e7i Salonu, Halep kentindeki Esad Salonu ve Rakka&#8217;n\u0131n do\u011fu k\u0131rsal\u0131ndaki El Sabha beldesindeki SANA muhabirleri, s\u00f6z konusu merkezlerdeki ilgili komitelerin, aranan sivillerden, ka\u00e7aklardan, askerlik ve ihtiyat hizmetini yerine getirmeyenlerden uzla\u015fmaya kat\u0131lmak isteyenler ve uzla\u015fma kapsam\u0131ndakilerin geri d\u00f6n\u00fc\u015f haz\u0131rl\u0131klar\u0131 i\u00e7in merkezlere var\u0131\u015flar\u0131n\u0131 sa\u011flamak i\u00e7in halkla i\u015fbirli\u011fi yapanlar, toplumda istikrarl\u0131 ve aktif bir ya\u015fam ba\u015flatmaya var\u0131\u0131ncaya kadar t\u00fcm herkesi kar\u015f\u0131lad\u0131klar\u0131n\u0131 ifade etti.<\/p>\n<p style=\"text-align: justify;\">Muhabirler, baz\u0131 illerdeki \u00e7e\u015fitli merkezlerdeki komitelerin \u00e7al\u0131\u015fmalar\u0131n\u0131n ba\u015flamas\u0131ndan bu yana aranan binlerce ki\u015finin \u015fartlar\u0131n\u0131 d\u00fczenli hale getirdi\u011fini belirterek, aileler, ileri gelenler ve yetkili makamlar aras\u0131ndaki olumlu sonu\u00e7lar\u0131 izlediklerine dikkat \u00e7ekti.<\/p>\n<p style=\"text-align: justify;\">Baz\u0131 komite \u00fcyeleri gazetecilere yapt\u0131klar\u0131 a\u00e7\u0131klamalarda, uzla\u015fma merkezlerinin kap\u0131lar\u0131n\u0131n kapsad\u0131\u011f\u0131 herkesin kat\u0131lana kadar a\u00e7\u0131k oldu\u011funu, Suriye&#8217;nin el Cezire, Halep ve Rakka vilayetlerinin kuzey k\u0131rsal\u0131nda Amerikan ve T\u00fcrk i\u015fgal g\u00fc\u00e7leri taraf\u0131ndan desteklenen silahl\u0131 milislerin ve ter\u00f6rist gruplar\u0131n yay\u0131lma alanlar\u0131ndaki varl\u0131klar\u0131n\u0131n bir sonucu olarak t\u00fcm engellemelere ra\u011fmen, \u00f6nceki aylarda binlerce ki\u015fiyi ald\u0131klar\u0131n\u0131 ifade etti.<\/p>\n<p style=\"text-align: justify;\">Yetkili makamlar, aileler, stat\u00fcleri sabit olan baz\u0131 ki\u015filer, ileri gelenler, a\u015firet \u015feyhleri \u200b\u200bve din adamlar\u0131 ile i\u015fbirli\u011fi i\u00e7inde, uzla\u015fman\u0131n kapsad\u0131\u011f\u0131 herkesin kat\u0131l\u0131m\u0131n\u0131 sa\u011flamak i\u00e7in \u00e7al\u0131\u015ft\u0131klar\u0131n\u0131 ve bunun i\u00e7in daha fazla oldu\u011funu belirterek, her ilde birer merkez a\u00e7\u0131lm\u0131\u015f olup, durumlar\u0131n\u0131 d\u00fczeltmek isteyenlerin geli\u015flerini kolayla\u015ft\u0131rmak i\u00e7in gerekti\u011finde farkl\u0131 b\u00f6lgelerde ek merkezler a\u00e7\u0131laca\u011f\u0131na i\u015faret etti.<\/p>\n","protected":false},"excerpt":{"rendered":"<p>\u0130LLER &#8211;\u00a0 Devletin himayesinde vatanda\u015fl\u0131k haklar\u0131 ve g\u00f6revleri \u00e7er\u00e7evesinde istikrarl\u0131 bir ya\u015fam\u0131n ba\u015flamas\u0131na haz\u0131rl\u0131k olarak Deyrezzor, Halep ve Rakka&#8217;da \u00e7ok say\u0131da aranan ki\u015fi \u00e7\u00f6z\u00fcm s\u00fcrecine kat\u0131l\u0131rken, Suriye co\u011frafyas\u0131 genelinde istikrar ve g\u00fcvenlik alan\u0131 geni\u015flemeye devam ediyor. Deyrezzor&#8217;daki \u0130\u015f\u00e7i Salonu, Halep kentindeki Esad Salonu ve Rakka&#8217;n\u0131n do\u011fu k\u0131rsal\u0131ndaki El Sabha beldesindeki SANA muhabirleri, s\u00f6z konusu merkezlerdeki &hellip;<\/p>\n","protected":false},"author":1,"featured_media":256743,"comment_status":"closed","ping_status":"closed","sticky":false,"template":"","format":"standard","meta":{"footnotes":""},"categories":[479,17988,478],"tags":[],"class_list":["post-256742","post","type-post","status-publish","format-standard","has-post-thumbnail","","category-haberler-yerel","category-son-haberler","category-yerel"],"_links":{"self":[{"href":"https:\/\/archive.sana.sy\/tr\/index.php?rest_route=\/wp\/v2\/posts\/256742","targetHints":{"allow":["GET"]}}],"collection":[{"href":"https:\/\/archive.sana.sy\/tr\/index.php?rest_route=\/wp\/v2\/posts"}],"about":[{"href":"https:\/\/archive.sana.sy\/tr\/index.php?rest_route=\/wp\/v2\/types\/post"}],"author":[{"embeddable":true,"href":"https:\/\/archive.sana.sy\/tr\/index.php?rest_route=\/wp\/v2\/users\/1"}],"replies":[{"embeddable":true,"href":"https:\/\/archive.sana.sy\/tr\/index.php?rest_route=%2Fwp%2Fv2%2Fcomments&post=256742"}],"version-history":[{"count":0,"href":"https:\/\/archive.sana.sy\/tr\/index.php?rest_route=\/wp\/v2\/posts\/256742\/revisions"}],"wp:featuredmedia":[{"embeddable":true,"href":"https:\/\/archive.sana.sy\/tr\/index.php?rest_route=\/wp\/v2\/media\/256743"}],"wp:attachment":[{"href":"https:\/\/archive.sana.sy\/tr\/index.php?rest_route=%2Fwp%2Fv2%2Fmedia&parent=256742"}],"wp:term":[{"taxonomy":"category","embeddable":true,"href":"https:\/\/archive.sana.sy\/tr\/index.php?rest_route=%2Fwp%2Fv2%2Fcategories&post=256742"},{"taxonomy":"post_tag","embeddable":true,"href":"https:\/\/archive.sana.sy\/tr\/index.php?rest_route=%2Fwp%2Fv2%2Ftags&post=256742"}],"curies":[{"name":"wp","href":"https:\/\/api.w.org\/{rel}","templated":true}]}}