{"id":256746,"date":"2022-06-09T21:31:15","date_gmt":"2022-06-09T18:31:15","guid":{"rendered":"http:\/\/107.6.182.27\/tr\/?p=256746"},"modified":"2022-06-11T07:58:45","modified_gmt":"2022-06-11T04:58:45","slug":"el-mikdad-samdaki-bahreyn-buyukelcisinin-guven-mektuplarinin-kopyasini-teslim-aldi","status":"publish","type":"post","link":"https:\/\/archive.sana.sy\/tr\/?p=256746","title":{"rendered":"El Mikdad, \u015eam&#8217;daki Bahreyn B\u00fcy\u00fckel\u00e7isinin G\u00fcven Mektuplar\u0131n\u0131n Kopyas\u0131n\u0131 Teslim Ald\u0131"},"content":{"rendered":"<p style=\"text-align: justify;\">\u015eAM \u2013 D\u0131\u015fi\u015fleri ve Gurbet\u00e7iler Bakan\u0131 Feysal el Mikdad, Bahreyn Krall\u0131\u011f\u0131&#8217;n\u0131n Suriye Arap Cumhuriyeti&#8217;ndeki Ola\u011fan\u00fcst\u00fc ve Tam Yetkili B\u00fcy\u00fckel\u00e7isi Vahid Mubarak el Sayyar&#8217;\u0131n g\u00fcven mektuplar\u0131n\u0131n kopyas\u0131n\u0131 ald\u0131.<\/p>\n<p style=\"text-align: justify;\">G\u00f6r\u00fc\u015fmede, Suriye ve Bahreyn aras\u0131ndaki ikili ili\u015fkiler ve bu ili\u015fkilerin iki halk ve iki karde\u015f \u00fclke yarar\u0131na \u00e7e\u015fitli alanlarda geli\u015ftirilmesinin yollar\u0131 ele al\u0131nd\u0131.<\/p>\n<p style=\"text-align: justify;\">G\u00f6r\u00fc\u015fmenin ba\u015f\u0131nda Bakan Mikdad, El Sayyar&#8217;\u0131n Bahreyn Krall\u0131\u011f\u0131&#8217;n\u0131n Suriye b\u00fcy\u00fckel\u00e7isi olarak atanmas\u0131n\u0131 memnuniyetle kar\u015f\u0131layarak, kendisine iki karde\u015f \u00fclke ve halklar aras\u0131ndaki ili\u015fkileri g\u00fc\u00e7lendirme g\u00f6revini yerine getirmede ba\u015far\u0131lar diledi. El Mikdad ayr\u0131ca, Suriye&#8217;nin Bahreyn Krall\u0131\u011f\u0131 ve t\u00fcm karde\u015f Arap \u00fclkeleriyle en iyi ili\u015fkilere sahip olma konusundaki kararl\u0131l\u0131\u011f\u0131n\u0131 ve Arap halk\u0131n\u0131n bir tarih, ortak bir kader ve ortak kayg\u0131lar taraf\u0131ndan birle\u015fmi\u015f oldu\u011funu teyit etti.<\/p>\n<p style=\"text-align: justify;\">\u00d6te yandan B\u00fcy\u00fckel\u00e7i el Sayyar ise \u00fclkesinin \u015eam b\u00fcy\u00fckel\u00e7isi olarak atanmas\u0131ndan duydu\u011fu mutlulu\u011fu dile getirerek, Bahreyn Krall\u0131\u011f\u0131&#8217;n\u0131n Suriye ile ili\u015fkilerini g\u00fc\u00e7lendirme ve her alanda onunla ortak i\u015fbirli\u011fi geli\u015ftirme konusundaki isteklili\u011fini vurgulad\u0131.<\/p>\n<p style=\"text-align: justify;\">B\u00fcy\u00fckel\u00e7i el Sayyar, Suriye ve Bahreyn aras\u0131ndaki karde\u015flik ili\u015fkilerinin derinli\u011fini vurgulad\u0131 ve bu ili\u015fkilerin iki karde\u015f \u00fclke ve halk\u0131n yarar\u0131na geli\u015ftirilmesi ve geni\u015fletilmesi i\u00e7in \u00e7al\u0131\u015fma arzusunu dile getirdi.<\/p>\n<p style=\"text-align: justify;\">Bahreyn b\u00fcy\u00fckel\u00e7isi ayr\u0131ca, \u00fclkesinin Suriye&#8217;nin birli\u011fini, egemenli\u011fini ve toprak b\u00fct\u00fcnl\u00fc\u011f\u00fcn\u00fc destekledi\u011fini ve i\u00e7 i\u015flerine kar\u0131\u015fmay\u0131 reddetti\u011fini ifade ederken, i\u015fbirli\u011fini en \u00fcst seviyelere \u00e7\u0131karmak i\u00e7in iki \u00fclke aras\u0131nda imzalanan i\u015fbirli\u011fi anla\u015fmalar\u0131n\u0131n etkinle\u015ftirilmesi i\u00e7in \u00e7al\u0131\u015faca\u011f\u0131n\u0131 vurgulad\u0131.<\/p>\n","protected":false},"excerpt":{"rendered":"<p>\u015eAM \u2013 D\u0131\u015fi\u015fleri ve Gurbet\u00e7iler Bakan\u0131 Feysal el Mikdad, Bahreyn Krall\u0131\u011f\u0131&#8217;n\u0131n Suriye Arap Cumhuriyeti&#8217;ndeki Ola\u011fan\u00fcst\u00fc ve Tam Yetkili B\u00fcy\u00fckel\u00e7isi Vahid Mubarak el Sayyar&#8217;\u0131n g\u00fcven mektuplar\u0131n\u0131n kopyas\u0131n\u0131 ald\u0131. G\u00f6r\u00fc\u015fmede, Suriye ve Bahreyn aras\u0131ndaki ikili ili\u015fkiler ve bu ili\u015fkilerin iki halk ve iki karde\u015f \u00fclke yarar\u0131na \u00e7e\u015fitli alanlarda geli\u015ftirilmesinin yollar\u0131 ele al\u0131nd\u0131. G\u00f6r\u00fc\u015fmenin ba\u015f\u0131nda Bakan Mikdad, El &hellip;<\/p>\n","protected":false},"author":1,"featured_media":256747,"comment_status":"closed","ping_status":"closed","sticky":false,"template":"","format":"standard","meta":{"footnotes":""},"categories":[479,17988,478],"tags":[],"class_list":["post-256746","post","type-post","status-publish","format-standard","has-post-thumbnail","","category-haberler-yerel","category-son-haberler","category-yerel"],"_links":{"self":[{"href":"https:\/\/archive.sana.sy\/tr\/index.php?rest_route=\/wp\/v2\/posts\/256746","targetHints":{"allow":["GET"]}}],"collection":[{"href":"https:\/\/archive.sana.sy\/tr\/index.php?rest_route=\/wp\/v2\/posts"}],"about":[{"href":"https:\/\/archive.sana.sy\/tr\/index.php?rest_route=\/wp\/v2\/types\/post"}],"author":[{"embeddable":true,"href":"https:\/\/archive.sana.sy\/tr\/index.php?rest_route=\/wp\/v2\/users\/1"}],"replies":[{"embeddable":true,"href":"https:\/\/archive.sana.sy\/tr\/index.php?rest_route=%2Fwp%2Fv2%2Fcomments&post=256746"}],"version-history":[{"count":0,"href":"https:\/\/archive.sana.sy\/tr\/index.php?rest_route=\/wp\/v2\/posts\/256746\/revisions"}],"wp:featuredmedia":[{"embeddable":true,"href":"https:\/\/archive.sana.sy\/tr\/index.php?rest_route=\/wp\/v2\/media\/256747"}],"wp:attachment":[{"href":"https:\/\/archive.sana.sy\/tr\/index.php?rest_route=%2Fwp%2Fv2%2Fmedia&parent=256746"}],"wp:term":[{"taxonomy":"category","embeddable":true,"href":"https:\/\/archive.sana.sy\/tr\/index.php?rest_route=%2Fwp%2Fv2%2Fcategories&post=256746"},{"taxonomy":"post_tag","embeddable":true,"href":"https:\/\/archive.sana.sy\/tr\/index.php?rest_route=%2Fwp%2Fv2%2Ftags&post=256746"}],"curies":[{"name":"wp","href":"https:\/\/api.w.org\/{rel}","templated":true}]}}