{"id":256749,"date":"2022-06-09T22:10:38","date_gmt":"2022-06-09T19:10:38","guid":{"rendered":"http:\/\/107.6.182.27\/tr\/?p=256749"},"modified":"2022-06-11T08:03:42","modified_gmt":"2022-06-11T05:03:42","slug":"fotograf-ve-videolarla-sana-kamisli-kirsalinda-rus-ordusunun-hava-devriyesine-eslik-etti","status":"publish","type":"post","link":"https:\/\/archive.sana.sy\/tr\/?p=256749","title":{"rendered":"Foto\u011fraf ve Videolarla&#8230; SANA, Kam\u0131\u015fl\u0131 K\u0131rsal\u0131nda Rus Ordusunun Hava Devriyesine E\u015flik Etti"},"content":{"rendered":"<p style=\"text-align: justify;\">HASEKE \u2013 SANA&#8217;n\u0131n kameras\u0131, Suriye Arap Ordusu ile Rus Ordusu aras\u0131ndaki koordinasyon ve i\u015fbirli\u011fi \u00e7er\u00e7evesinde, Kam\u0131\u015fl\u0131 ile Malikiye aras\u0131ndaki s\u0131n\u0131r \u015feridindeki temas hatlar\u0131n\u0131 izlemek i\u00e7in Rus havac\u0131l\u0131\u011f\u0131n\u0131n ger\u00e7ekle\u015ftirdi\u011fi hava devriyelerine e\u015flik etti.<\/p>\n<p style=\"text-align: justify;\">P.M.<\/p>\n<p><iframe loading=\"lazy\" title=\"YouTube video player\" src=\"https:\/\/www.youtube.com\/embed\/chtarAzDDTQ\" width=\"660\" height=\"370\" frameborder=\"0\" allowfullscreen=\"allowfullscreen\"><span data-mce-type=\"bookmark\" style=\"display: inline-block; width: 0px; overflow: hidden; line-height: 0;\" class=\"mce_SELRES_start\">\ufeff<\/span><\/iframe><\/p>\n<div id='gallery-1' class='gallery galleryid-256749 gallery-columns-1 gallery-size-full'><figure class='gallery-item'>\n\t\t\t<div class='gallery-icon landscape'>\n\t\t\t\t<a href='https:\/\/archive.sana.sy\/tr\/wp-content\/uploads\/2022\/06\/2-4.jpg'><img loading=\"lazy\" decoding=\"async\" width=\"660\" height=\"353\" src=\"https:\/\/archive.sana.sy\/tr\/wp-content\/uploads\/2022\/06\/2-4.jpg\" class=\"attachment-full size-full\" alt=\"\" srcset=\"https:\/\/archive.sana.sy\/tr\/wp-content\/uploads\/2022\/06\/2-4.jpg 660w, https:\/\/archive.sana.sy\/tr\/wp-content\/uploads\/2022\/06\/2-4-300x160.jpg 300w, https:\/\/archive.sana.sy\/tr\/wp-content\/uploads\/2022\/06\/2-4-150x80.jpg 150w, https:\/\/archive.sana.sy\/tr\/wp-content\/uploads\/2022\/06\/2-4-310x165.jpg 310w\" sizes=\"auto, (max-width: 660px) 100vw, 660px\" \/><\/a>\n\t\t\t<\/div><\/figure><figure class='gallery-item'>\n\t\t\t<div class='gallery-icon landscape'>\n\t\t\t\t<a href='https:\/\/archive.sana.sy\/tr\/wp-content\/uploads\/2022\/06\/3-4.jpg'><img loading=\"lazy\" decoding=\"async\" width=\"660\" height=\"377\" src=\"https:\/\/archive.sana.sy\/tr\/wp-content\/uploads\/2022\/06\/3-4.jpg\" class=\"attachment-full size-full\" alt=\"\" srcset=\"https:\/\/archive.sana.sy\/tr\/wp-content\/uploads\/2022\/06\/3-4.jpg 660w, https:\/\/archive.sana.sy\/tr\/wp-content\/uploads\/2022\/06\/3-4-300x171.jpg 300w, https:\/\/archive.sana.sy\/tr\/wp-content\/uploads\/2022\/06\/3-4-150x86.jpg 150w\" sizes=\"auto, (max-width: 660px) 100vw, 660px\" \/><\/a>\n\t\t\t<\/div><\/figure><figure class='gallery-item'>\n\t\t\t<div class='gallery-icon landscape'>\n\t\t\t\t<a href='https:\/\/archive.sana.sy\/tr\/wp-content\/uploads\/2022\/06\/4-3.jpg'><img loading=\"lazy\" decoding=\"async\" width=\"660\" height=\"373\" src=\"https:\/\/archive.sana.sy\/tr\/wp-content\/uploads\/2022\/06\/4-3.jpg\" class=\"attachment-full size-full\" alt=\"\" srcset=\"https:\/\/archive.sana.sy\/tr\/wp-content\/uploads\/2022\/06\/4-3.jpg 660w, https:\/\/archive.sana.sy\/tr\/wp-content\/uploads\/2022\/06\/4-3-300x170.jpg 300w, https:\/\/archive.sana.sy\/tr\/wp-content\/uploads\/2022\/06\/4-3-150x85.jpg 150w\" sizes=\"auto, (max-width: 660px) 100vw, 660px\" \/><\/a>\n\t\t\t<\/div><\/figure>\n\t\t<\/div>\n\n","protected":false},"excerpt":{"rendered":"<p>HASEKE \u2013 SANA&#8217;n\u0131n kameras\u0131, Suriye Arap Ordusu ile Rus Ordusu aras\u0131ndaki koordinasyon ve i\u015fbirli\u011fi \u00e7er\u00e7evesinde, Kam\u0131\u015fl\u0131 ile Malikiye aras\u0131ndaki s\u0131n\u0131r \u015feridindeki temas hatlar\u0131n\u0131 izlemek i\u00e7in Rus havac\u0131l\u0131\u011f\u0131n\u0131n ger\u00e7ekle\u015ftirdi\u011fi hava devriyelerine e\u015flik etti. P.M. \ufeff<\/p>\n","protected":false},"author":1,"featured_media":256753,"comment_status":"closed","ping_status":"closed","sticky":false,"template":"","format":"standard","meta":{"footnotes":""},"categories":[596,479,17988,478],"tags":[],"class_list":["post-256749","post","type-post","status-publish","format-standard","has-post-thumbnail","","category-fotografli-raporlar","category-haberler-yerel","category-son-haberler","category-yerel"],"_links":{"self":[{"href":"https:\/\/archive.sana.sy\/tr\/index.php?rest_route=\/wp\/v2\/posts\/256749","targetHints":{"allow":["GET"]}}],"collection":[{"href":"https:\/\/archive.sana.sy\/tr\/index.php?rest_route=\/wp\/v2\/posts"}],"about":[{"href":"https:\/\/archive.sana.sy\/tr\/index.php?rest_route=\/wp\/v2\/types\/post"}],"author":[{"embeddable":true,"href":"https:\/\/archive.sana.sy\/tr\/index.php?rest_route=\/wp\/v2\/users\/1"}],"replies":[{"embeddable":true,"href":"https:\/\/archive.sana.sy\/tr\/index.php?rest_route=%2Fwp%2Fv2%2Fcomments&post=256749"}],"version-history":[{"count":0,"href":"https:\/\/archive.sana.sy\/tr\/index.php?rest_route=\/wp\/v2\/posts\/256749\/revisions"}],"wp:featuredmedia":[{"embeddable":true,"href":"https:\/\/archive.sana.sy\/tr\/index.php?rest_route=\/wp\/v2\/media\/256753"}],"wp:attachment":[{"href":"https:\/\/archive.sana.sy\/tr\/index.php?rest_route=%2Fwp%2Fv2%2Fmedia&parent=256749"}],"wp:term":[{"taxonomy":"category","embeddable":true,"href":"https:\/\/archive.sana.sy\/tr\/index.php?rest_route=%2Fwp%2Fv2%2Fcategories&post=256749"},{"taxonomy":"post_tag","embeddable":true,"href":"https:\/\/archive.sana.sy\/tr\/index.php?rest_route=%2Fwp%2Fv2%2Ftags&post=256749"}],"curies":[{"name":"wp","href":"https:\/\/api.w.org\/{rel}","templated":true}]}}