{"id":256755,"date":"2022-06-09T22:15:18","date_gmt":"2022-06-09T19:15:18","guid":{"rendered":"http:\/\/107.6.182.27\/tr\/?p=256755"},"modified":"2022-06-11T07:59:02","modified_gmt":"2022-06-11T04:59:02","slug":"suriye-ve-iran-arasinda-bilimsel-saglik-ve-tibbi-isbirligi-alaninda-iki-mutabakat-zapti-imzalandi","status":"publish","type":"post","link":"https:\/\/archive.sana.sy\/tr\/?p=256755","title":{"rendered":"Suriye ve \u0130ran Aras\u0131nda Bilimsel, Sa\u011fl\u0131k ve T\u0131bbi \u0130\u015fbirli\u011fi Alan\u0131nda \u0130ki Mutabakat Zapt\u0131 \u0130mzaland\u0131"},"content":{"rendered":"<p style=\"text-align: justify;\">\u015eAM \u2013 Sa\u011fl\u0131k Bakanl\u0131\u011f\u0131 bug\u00fcn, \u0130ran \u0130slam Cumhuriyeti Sa\u011fl\u0131k, Tedavi ve T\u0131p E\u011fitimi Bakanl\u0131\u011f\u0131 ile iki mutabakat zapt\u0131 imzalad\u0131.<\/p>\n<p><a href=\"http:\/\/107.6.182.27\/tr\/wp-content\/uploads\/2022\/06\/21.jpg\"><img loading=\"lazy\" decoding=\"async\" class=\"size-medium wp-image-256757 alignright\" src=\"http:\/\/107.6.182.27\/tr\/wp-content\/uploads\/2022\/06\/21-227x300.jpg\" alt=\"\" width=\"227\" height=\"300\" srcset=\"https:\/\/archive.sana.sy\/tr\/wp-content\/uploads\/2022\/06\/21-227x300.jpg 227w, https:\/\/archive.sana.sy\/tr\/wp-content\/uploads\/2022\/06\/21-113x150.jpg 113w, https:\/\/archive.sana.sy\/tr\/wp-content\/uploads\/2022\/06\/21.jpg 660w\" sizes=\"auto, (max-width: 227px) 100vw, 227px\" \/><\/a><\/p>\n<p style=\"text-align: justify;\">\u0130lk muht\u0131ra sa\u011fl\u0131k, t\u0131p ve sa\u011fl\u0131k e\u011fitimi, bilimsel ara\u015ft\u0131rma, teknoloji, ila\u00e7 ve t\u0131bbi ekipman alan\u0131nda i\u015fbirli\u011finin geli\u015ftirilmesine ili\u015fkin konular\u0131 i\u00e7eriyor. \u0130kinci muht\u0131ra, bilimsel, sa\u011fl\u0131k ve t\u0131bbi i\u015fbirli\u011finin g\u00fc\u00e7lendirilmesini, \u00f6zellikle farmas\u00f6tik i\u015fbirli\u011finin, t\u0131bbi ekipman\u0131n geli\u015ftirilmesini ve deneyimlerin payla\u015f\u0131lmas\u0131n\u0131 i\u00e7eriyor.<\/p>\n<p style=\"text-align: justify;\">Sa\u011fl\u0131k Bakan\u0131 Hassan el \u011eubna\u015f gazetecilere yapt\u0131\u011f\u0131 a\u00e7\u0131klamada, ba\u015fta ila\u00e7 de\u011fi\u015fimi ve sa\u011fl\u0131k ve tedavi hizmetlen sa\u011flanmas\u0131 ve ila\u00e7 ve laboratuvar hizmetlerinin olmak \u00fczere bir\u00e7ok alanda iki \u00fclkeye fayda sa\u011flayacak iki mutabakat zapt\u0131s\u0131n\u0131n \u00f6nemini vurgulad\u0131.<\/p>\n<p style=\"text-align: justify;\">\u00d6te yandan \u0130ran Sa\u011fl\u0131k, Tedavi ve T\u0131p E\u011fitimi Bakan\u0131 Behram Ayn Allah, bu notlar\u0131n Suriye&#8217;deki sa\u011fl\u0131k ve t\u0131bbi yetenek ve kabiliyetleri g\u00f6steren birka\u00e7 toplant\u0131 ve ziyaretin sonucu oldu\u011funu belirtirken, iki \u00fclke aras\u0131ndaki bilimsel ve ara\u015ft\u0131rma ili\u015fkilerinin \u00f6nemine i\u015faret ederek, Suriye ve \u0130ran&#8217;da bilim topluluklar\u0131 ve bilimsel geli\u015fme konusunda anla\u015fmalar\u0131n \u00f6nemini vurgulad\u0131.<\/p>\n<p style=\"text-align: justify;\">P.M.<\/p>\n<div id='gallery-1' class='gallery galleryid-256755 gallery-columns-2 gallery-size-medium'><figure class='gallery-item'>\n\t\t\t<div class='gallery-icon landscape'>\n\t\t\t\t<a href='https:\/\/archive.sana.sy\/tr\/?attachment_id=256758'><img loading=\"lazy\" decoding=\"async\" width=\"300\" height=\"200\" src=\"https:\/\/archive.sana.sy\/tr\/wp-content\/uploads\/2022\/06\/22-300x200.jpg\" class=\"attachment-medium size-medium\" alt=\"\" srcset=\"https:\/\/archive.sana.sy\/tr\/wp-content\/uploads\/2022\/06\/22-300x200.jpg 300w, https:\/\/archive.sana.sy\/tr\/wp-content\/uploads\/2022\/06\/22-150x100.jpg 150w, https:\/\/archive.sana.sy\/tr\/wp-content\/uploads\/2022\/06\/22.jpg 660w\" sizes=\"auto, (max-width: 300px) 100vw, 300px\" \/><\/a>\n\t\t\t<\/div><\/figure><figure class='gallery-item'>\n\t\t\t<div class='gallery-icon landscape'>\n\t\t\t\t<a href='https:\/\/archive.sana.sy\/tr\/?attachment_id=256759'><img loading=\"lazy\" decoding=\"async\" width=\"300\" height=\"168\" src=\"https:\/\/archive.sana.sy\/tr\/wp-content\/uploads\/2022\/06\/23-300x168.jpg\" class=\"attachment-medium size-medium\" alt=\"\" srcset=\"https:\/\/archive.sana.sy\/tr\/wp-content\/uploads\/2022\/06\/23-300x168.jpg 300w, https:\/\/archive.sana.sy\/tr\/wp-content\/uploads\/2022\/06\/23-150x84.jpg 150w, https:\/\/archive.sana.sy\/tr\/wp-content\/uploads\/2022\/06\/23.jpg 660w\" sizes=\"auto, (max-width: 300px) 100vw, 300px\" \/><\/a>\n\t\t\t<\/div><\/figure><figure class='gallery-item'>\n\t\t\t<div class='gallery-icon landscape'>\n\t\t\t\t<a href='https:\/\/archive.sana.sy\/tr\/?attachment_id=256760'><img loading=\"lazy\" decoding=\"async\" width=\"300\" height=\"189\" src=\"https:\/\/archive.sana.sy\/tr\/wp-content\/uploads\/2022\/06\/24-300x189.jpg\" class=\"attachment-medium size-medium\" alt=\"\" srcset=\"https:\/\/archive.sana.sy\/tr\/wp-content\/uploads\/2022\/06\/24-300x189.jpg 300w, https:\/\/archive.sana.sy\/tr\/wp-content\/uploads\/2022\/06\/24-150x95.jpg 150w, https:\/\/archive.sana.sy\/tr\/wp-content\/uploads\/2022\/06\/24.jpg 660w\" sizes=\"auto, (max-width: 300px) 100vw, 300px\" \/><\/a>\n\t\t\t<\/div><\/figure><figure class='gallery-item'>\n\t\t\t<div class='gallery-icon landscape'>\n\t\t\t\t<a href='https:\/\/archive.sana.sy\/tr\/?attachment_id=256761'><img loading=\"lazy\" decoding=\"async\" width=\"300\" height=\"200\" src=\"https:\/\/archive.sana.sy\/tr\/wp-content\/uploads\/2022\/06\/25-300x200.jpg\" class=\"attachment-medium size-medium\" alt=\"\" srcset=\"https:\/\/archive.sana.sy\/tr\/wp-content\/uploads\/2022\/06\/25-300x200.jpg 300w, https:\/\/archive.sana.sy\/tr\/wp-content\/uploads\/2022\/06\/25-150x100.jpg 150w, https:\/\/archive.sana.sy\/tr\/wp-content\/uploads\/2022\/06\/25.jpg 660w\" sizes=\"auto, (max-width: 300px) 100vw, 300px\" \/><\/a>\n\t\t\t<\/div><\/figure>\n\t\t<\/div>\n\n<p>&nbsp;<\/p>\n","protected":false},"excerpt":{"rendered":"<p>\u015eAM \u2013 Sa\u011fl\u0131k Bakanl\u0131\u011f\u0131 bug\u00fcn, \u0130ran \u0130slam Cumhuriyeti Sa\u011fl\u0131k, Tedavi ve T\u0131p E\u011fitimi Bakanl\u0131\u011f\u0131 ile iki mutabakat zapt\u0131 imzalad\u0131. \u0130lk muht\u0131ra sa\u011fl\u0131k, t\u0131p ve sa\u011fl\u0131k e\u011fitimi, bilimsel ara\u015ft\u0131rma, teknoloji, ila\u00e7 ve t\u0131bbi ekipman alan\u0131nda i\u015fbirli\u011finin geli\u015ftirilmesine ili\u015fkin konular\u0131 i\u00e7eriyor. \u0130kinci muht\u0131ra, bilimsel, sa\u011fl\u0131k ve t\u0131bbi i\u015fbirli\u011finin g\u00fc\u00e7lendirilmesini, \u00f6zellikle farmas\u00f6tik i\u015fbirli\u011finin, t\u0131bbi ekipman\u0131n geli\u015ftirilmesini ve deneyimlerin &hellip;<\/p>\n","protected":false},"author":1,"featured_media":256756,"comment_status":"closed","ping_status":"closed","sticky":false,"template":"","format":"standard","meta":{"footnotes":""},"categories":[596,479,17988,478],"tags":[],"class_list":["post-256755","post","type-post","status-publish","format-standard","has-post-thumbnail","","category-fotografli-raporlar","category-haberler-yerel","category-son-haberler","category-yerel"],"_links":{"self":[{"href":"https:\/\/archive.sana.sy\/tr\/index.php?rest_route=\/wp\/v2\/posts\/256755","targetHints":{"allow":["GET"]}}],"collection":[{"href":"https:\/\/archive.sana.sy\/tr\/index.php?rest_route=\/wp\/v2\/posts"}],"about":[{"href":"https:\/\/archive.sana.sy\/tr\/index.php?rest_route=\/wp\/v2\/types\/post"}],"author":[{"embeddable":true,"href":"https:\/\/archive.sana.sy\/tr\/index.php?rest_route=\/wp\/v2\/users\/1"}],"replies":[{"embeddable":true,"href":"https:\/\/archive.sana.sy\/tr\/index.php?rest_route=%2Fwp%2Fv2%2Fcomments&post=256755"}],"version-history":[{"count":0,"href":"https:\/\/archive.sana.sy\/tr\/index.php?rest_route=\/wp\/v2\/posts\/256755\/revisions"}],"wp:featuredmedia":[{"embeddable":true,"href":"https:\/\/archive.sana.sy\/tr\/index.php?rest_route=\/wp\/v2\/media\/256756"}],"wp:attachment":[{"href":"https:\/\/archive.sana.sy\/tr\/index.php?rest_route=%2Fwp%2Fv2%2Fmedia&parent=256755"}],"wp:term":[{"taxonomy":"category","embeddable":true,"href":"https:\/\/archive.sana.sy\/tr\/index.php?rest_route=%2Fwp%2Fv2%2Fcategories&post=256755"},{"taxonomy":"post_tag","embeddable":true,"href":"https:\/\/archive.sana.sy\/tr\/index.php?rest_route=%2Fwp%2Fv2%2Ftags&post=256755"}],"curies":[{"name":"wp","href":"https:\/\/api.w.org\/{rel}","templated":true}]}}