{"id":256771,"date":"2022-06-10T09:13:44","date_gmt":"2022-06-10T06:13:44","guid":{"rendered":"http:\/\/107.6.182.27\/tr\/?p=256771"},"modified":"2022-06-11T07:59:21","modified_gmt":"2022-06-11T04:59:21","slug":"hava-savunmamiz-israil-saldirisina-karsi-koydu-4","status":"publish","type":"post","link":"https:\/\/archive.sana.sy\/tr\/?p=256771","title":{"rendered":"Hava Savunmam\u0131z, \u0130srail Sald\u0131r\u0131s\u0131na Kar\u015f\u0131 Koydu"},"content":{"rendered":"<p>\u015eAM \u2013 Hava savunmam\u0131z, \u015eam \u015fehrinin g\u00fcneyindeki baz\u0131 noktalar\u0131 hedef alan \u0130srail\u2019in f\u00fczeli sald\u0131r\u0131s\u0131na kar\u015f\u0131 koydu ve d\u00fc\u015fman f\u00fczelerin \u00e7o\u011funu d\u00fc\u015f\u00fcrd\u00fc.<\/p>\n<p>Askeri bir kaynak SANA&#8217;ya yapt\u0131\u011f\u0131 a\u00e7\u0131klamada, &#8220;Bug\u00fcn sabah 4:20 sular\u0131nda d\u00fc\u015fman \u0130srail, \u015eam \u015fehrinin g\u00fcneyindeki baz\u0131 noktalar\u0131 hedef alarak i\u015fgal alt\u0131ndaki Suriye Golan y\u00f6n\u00fcnden roketlerle bir hava sald\u0131r\u0131s\u0131 ger\u00e7ekle\u015ftirdi\u011fini belirtti.<\/p>\n<p>kaynak ayr\u0131ca, hava savunma sistemlerimizin bu f\u00fczelere kar\u015f\u0131 koydu\u011funu ve \u00e7o\u011funun d\u00fc\u015f\u00fcrd\u00fc\u011f\u00fcn\u00fc\u00a0 belirtti.<\/p>\n<p>Kaynak, &#8220;sald\u0131rganl\u0131\u011f\u0131n bir sivilin yaralanmas\u0131na ve baz\u0131 maddi kay\u0131plara yol a\u00e7t\u0131\u011f\u0131n\u0131&#8221; da s\u00f6zlerine ekledi.<\/p>\n<p><span style=\"color: #0000ff;\">#Telegram_Kanal\u0131m\u0131z: https:\/\/t.me\/SuriyeArapHaberAjansI<\/span><\/p>\n","protected":false},"excerpt":{"rendered":"<p>\u015eAM \u2013 Hava savunmam\u0131z, \u015eam \u015fehrinin g\u00fcneyindeki baz\u0131 noktalar\u0131 hedef alan \u0130srail\u2019in f\u00fczeli sald\u0131r\u0131s\u0131na kar\u015f\u0131 koydu ve d\u00fc\u015fman f\u00fczelerin \u00e7o\u011funu d\u00fc\u015f\u00fcrd\u00fc. Askeri bir kaynak SANA&#8217;ya yapt\u0131\u011f\u0131 a\u00e7\u0131klamada, &#8220;Bug\u00fcn sabah 4:20 sular\u0131nda d\u00fc\u015fman \u0130srail, \u015eam \u015fehrinin g\u00fcneyindeki baz\u0131 noktalar\u0131 hedef alarak i\u015fgal alt\u0131ndaki Suriye Golan y\u00f6n\u00fcnden roketlerle bir hava sald\u0131r\u0131s\u0131 ger\u00e7ekle\u015ftirdi\u011fini belirtti. kaynak ayr\u0131ca, hava savunma &hellip;<\/p>\n","protected":false},"author":36,"featured_media":256772,"comment_status":"closed","ping_status":"closed","sticky":false,"template":"","format":"standard","meta":{"footnotes":""},"categories":[479,575,17988,478],"tags":[],"class_list":["post-256771","post","type-post","status-publish","format-standard","has-post-thumbnail","","category-haberler-yerel","category-olaylar-ve-gercekler","category-son-haberler","category-yerel"],"_links":{"self":[{"href":"https:\/\/archive.sana.sy\/tr\/index.php?rest_route=\/wp\/v2\/posts\/256771","targetHints":{"allow":["GET"]}}],"collection":[{"href":"https:\/\/archive.sana.sy\/tr\/index.php?rest_route=\/wp\/v2\/posts"}],"about":[{"href":"https:\/\/archive.sana.sy\/tr\/index.php?rest_route=\/wp\/v2\/types\/post"}],"author":[{"embeddable":true,"href":"https:\/\/archive.sana.sy\/tr\/index.php?rest_route=\/wp\/v2\/users\/36"}],"replies":[{"embeddable":true,"href":"https:\/\/archive.sana.sy\/tr\/index.php?rest_route=%2Fwp%2Fv2%2Fcomments&post=256771"}],"version-history":[{"count":0,"href":"https:\/\/archive.sana.sy\/tr\/index.php?rest_route=\/wp\/v2\/posts\/256771\/revisions"}],"wp:featuredmedia":[{"embeddable":true,"href":"https:\/\/archive.sana.sy\/tr\/index.php?rest_route=\/wp\/v2\/media\/256772"}],"wp:attachment":[{"href":"https:\/\/archive.sana.sy\/tr\/index.php?rest_route=%2Fwp%2Fv2%2Fmedia&parent=256771"}],"wp:term":[{"taxonomy":"category","embeddable":true,"href":"https:\/\/archive.sana.sy\/tr\/index.php?rest_route=%2Fwp%2Fv2%2Fcategories&post=256771"},{"taxonomy":"post_tag","embeddable":true,"href":"https:\/\/archive.sana.sy\/tr\/index.php?rest_route=%2Fwp%2Fv2%2Ftags&post=256771"}],"curies":[{"name":"wp","href":"https:\/\/api.w.org\/{rel}","templated":true}]}}