{"id":256780,"date":"2022-06-10T13:01:30","date_gmt":"2022-06-10T10:01:30","guid":{"rendered":"http:\/\/107.6.182.27\/tr\/?p=256780"},"modified":"2022-06-11T07:59:51","modified_gmt":"2022-06-11T04:59:51","slug":"ulastirma-bakanligi-sam-uluslararasi-havalimani-uzerinden-gelen-ve-giden-ucuslarin-askiya-alindi","status":"publish","type":"post","link":"https:\/\/archive.sana.sy\/tr\/?p=256780","title":{"rendered":"Ula\u015ft\u0131rma Bakanl\u0131\u011f\u0131: \u015eam Uluslararas\u0131 Havaliman\u0131 \u00dczerinden Gelen Ve Giden U\u00e7u\u015flar\u0131n Ask\u0131ya Al\u0131nd\u0131"},"content":{"rendered":"<p>\u015eAM \u2013 Ula\u015ft\u0131rma Bakanl\u0131\u011f\u0131, baz\u0131 teknik ekipmanlar\u0131n hizmet d\u0131\u015f\u0131 kalmas\u0131 nedeniyle \u015eam Uluslararas\u0131 Havaliman\u0131&#8217;ndan gelen ve giden u\u00e7u\u015flar\u0131n ask\u0131ya al\u0131nd\u0131\u011f\u0131n\u0131 duyurdu.<\/p>\n<p>Bakanl\u0131k, operasyonel hareketin emniyetini ve g\u00fcvenli\u011fini sa\u011flamak i\u00e7in \u015eam Uluslararas\u0131 Havaliman\u0131 \u00fczerinden u\u00e7u\u015flar\u0131n ger\u00e7ekle\u015ftirilece\u011fi tarihlerin ekipman onar\u0131l\u0131r onar\u0131lmaz a\u00e7\u0131klanaca\u011f\u0131n\u0131 belirtti.<\/p>\n","protected":false},"excerpt":{"rendered":"<p>\u015eAM \u2013 Ula\u015ft\u0131rma Bakanl\u0131\u011f\u0131, baz\u0131 teknik ekipmanlar\u0131n hizmet d\u0131\u015f\u0131 kalmas\u0131 nedeniyle \u015eam Uluslararas\u0131 Havaliman\u0131&#8217;ndan gelen ve giden u\u00e7u\u015flar\u0131n ask\u0131ya al\u0131nd\u0131\u011f\u0131n\u0131 duyurdu. Bakanl\u0131k, operasyonel hareketin emniyetini ve g\u00fcvenli\u011fini sa\u011flamak i\u00e7in \u015eam Uluslararas\u0131 Havaliman\u0131 \u00fczerinden u\u00e7u\u015flar\u0131n ger\u00e7ekle\u015ftirilece\u011fi tarihlerin ekipman onar\u0131l\u0131r onar\u0131lmaz a\u00e7\u0131klanaca\u011f\u0131n\u0131 belirtti.<\/p>\n","protected":false},"author":36,"featured_media":256781,"comment_status":"closed","ping_status":"closed","sticky":false,"template":"","format":"standard","meta":{"footnotes":""},"categories":[479,17988,478],"tags":[],"class_list":["post-256780","post","type-post","status-publish","format-standard","has-post-thumbnail","","category-haberler-yerel","category-son-haberler","category-yerel"],"_links":{"self":[{"href":"https:\/\/archive.sana.sy\/tr\/index.php?rest_route=\/wp\/v2\/posts\/256780","targetHints":{"allow":["GET"]}}],"collection":[{"href":"https:\/\/archive.sana.sy\/tr\/index.php?rest_route=\/wp\/v2\/posts"}],"about":[{"href":"https:\/\/archive.sana.sy\/tr\/index.php?rest_route=\/wp\/v2\/types\/post"}],"author":[{"embeddable":true,"href":"https:\/\/archive.sana.sy\/tr\/index.php?rest_route=\/wp\/v2\/users\/36"}],"replies":[{"embeddable":true,"href":"https:\/\/archive.sana.sy\/tr\/index.php?rest_route=%2Fwp%2Fv2%2Fcomments&post=256780"}],"version-history":[{"count":0,"href":"https:\/\/archive.sana.sy\/tr\/index.php?rest_route=\/wp\/v2\/posts\/256780\/revisions"}],"wp:featuredmedia":[{"embeddable":true,"href":"https:\/\/archive.sana.sy\/tr\/index.php?rest_route=\/wp\/v2\/media\/256781"}],"wp:attachment":[{"href":"https:\/\/archive.sana.sy\/tr\/index.php?rest_route=%2Fwp%2Fv2%2Fmedia&parent=256780"}],"wp:term":[{"taxonomy":"category","embeddable":true,"href":"https:\/\/archive.sana.sy\/tr\/index.php?rest_route=%2Fwp%2Fv2%2Fcategories&post=256780"},{"taxonomy":"post_tag","embeddable":true,"href":"https:\/\/archive.sana.sy\/tr\/index.php?rest_route=%2Fwp%2Fv2%2Ftags&post=256780"}],"curies":[{"name":"wp","href":"https:\/\/api.w.org\/{rel}","templated":true}]}}