{"id":256783,"date":"2022-06-10T22:18:08","date_gmt":"2022-06-10T19:18:08","guid":{"rendered":"http:\/\/107.6.182.27\/tr\/?p=256783"},"modified":"2022-06-12T08:42:51","modified_gmt":"2022-06-12T05:42:51","slug":"cumhurbaikani-el-esadin-talimatiyla-general-abbas-silahli-kuvvetlerimizin-olusumlarindan-biri-icin-gercek-muhimmatla-yapilan-egitim-tatbikatina-katildi-video","status":"publish","type":"post","link":"https:\/\/archive.sana.sy\/tr\/?p=256783","title":{"rendered":"Cumhurbaikan\u0131 el Esad&#8217;\u0131n Talimat\u0131yla&#8230; General Abbas, Silahl\u0131 Kuvvetlerimizin Olu\u015fumlar\u0131ndan Biri \u0130\u00e7in Ger\u00e7ek M\u00fchimmatla Yap\u0131lan E\u011fitim Tatbikat\u0131na Kat\u0131ld\u0131 (V\u0130DEO)"},"content":{"rendered":"<p style=\"text-align: justify;\">\u015eAM \u2013 Ordu ve Silahl\u0131 Kuvvetler Ba\u015fkomutan\u0131 Cumhurba\u015fkan\u0131 Korgeneral Be\u015f\u015far el Esad\u2019\u0131n y\u00f6nlendirmeleriyle, Genel Komutanl\u0131\u011f\u0131n bir dizi subay\u0131 e\u015fli\u011finde Ordu ve Silahl\u0131 Kuvvetler Ba\u015f Komutan Yard\u0131mc\u0131s\u0131 ve Savunma Bakan\u0131 General Ali Mahmud Abbas ger\u00e7ek m\u00fchimmat ile bir e\u011fitim tatbikat\u0131na kat\u0131lmak i\u00e7in silahl\u0131 kuvvetler olu\u015fumlar\u0131m\u0131zdan birini ziyaret etti.<\/p>\n<p style=\"text-align: justify;\">Tatbikat, helikopterlerle ger\u00e7ek f\u00fcze ve airdroplarla ger\u00e7ekle\u015ftirilen \u00e7e\u015fitli hava g\u00f6sterileri ve d\u00f6v\u00fc\u015f g\u00f6sterilerinin yan\u0131 s\u0131ra para\u015f\u00fctle atlama e\u011fitimlerinin yan\u0131 s\u0131ra \u00e7e\u015fitli f\u0131rlatma b\u00f6l\u00fcmleri, da\u011flarda ve \u015fehirlerdeki muharebe b\u00f6l\u00fcmleri ve yak\u0131n d\u00f6v\u00fc\u015f\u00fc i\u00e7erdi. Rus arkada\u015flardan e\u011fitmenlerin kat\u0131ld\u0131\u011f\u0131 tatbikatta baz\u0131 askeri te\u00e7hizat\u0131 da sergilendi.<\/p>\n<p style=\"text-align: justify;\">General Abbas, sava\u015f\u00e7\u0131lar\u0131n g\u00f6sterdikleri \u00e7abalara ve g\u00f6sterdikleri profesyonellik ve beceriye \u00f6vg\u00fcde bulunarak, y\u00fcksek moral ve s\u00fcrekli haz\u0131rl\u0131\u011f\u0131n sald\u0131rganlar\u0131 herhangi bir zamanda veya yerde cayd\u0131rman\u0131n yolunun oldu\u011funu vurgulad\u0131.<\/p>\n<p style=\"text-align: justify;\">General Abbas, olu\u015fumdaki \u015fehitler i\u00e7in an\u0131ta \u00e7elenk b\u0131rakt\u0131, kendisi ve arkada\u015flar\u0131 resmi selam verdi.<\/p>\n<p style=\"text-align: justify;\">E\u011fitim tatbikat\u0131na, Suriye&#8217;de faaliyet g\u00f6steren Rus kuvvetleri komutan\u0131 ve \u00e7ok say\u0131da Rus subay\u0131 kat\u0131ld\u0131.<\/p>\n<p style=\"text-align: justify;\">P.M.<\/p>\n","protected":false},"excerpt":{"rendered":"<p>\u015eAM \u2013 Ordu ve Silahl\u0131 Kuvvetler Ba\u015fkomutan\u0131 Cumhurba\u015fkan\u0131 Korgeneral Be\u015f\u015far el Esad\u2019\u0131n y\u00f6nlendirmeleriyle, Genel Komutanl\u0131\u011f\u0131n bir dizi subay\u0131 e\u015fli\u011finde Ordu ve Silahl\u0131 Kuvvetler Ba\u015f Komutan Yard\u0131mc\u0131s\u0131 ve Savunma Bakan\u0131 General Ali Mahmud Abbas ger\u00e7ek m\u00fchimmat ile bir e\u011fitim tatbikat\u0131na kat\u0131lmak i\u00e7in silahl\u0131 kuvvetler olu\u015fumlar\u0131m\u0131zdan birini ziyaret etti. Tatbikat, helikopterlerle ger\u00e7ek f\u00fcze ve airdroplarla ger\u00e7ekle\u015ftirilen \u00e7e\u015fitli &hellip;<\/p>\n","protected":false},"author":1,"featured_media":256784,"comment_status":"closed","ping_status":"closed","sticky":false,"template":"","format":"standard","meta":{"footnotes":""},"categories":[479,611,605,17988,478],"tags":[],"class_list":["post-256783","post","type-post","status-publish","format-standard","has-post-thumbnail","","category-haberler-yerel","category-roportaj","category-sayin-cumhurbaskani","category-son-haberler","category-yerel"],"_links":{"self":[{"href":"https:\/\/archive.sana.sy\/tr\/index.php?rest_route=\/wp\/v2\/posts\/256783","targetHints":{"allow":["GET"]}}],"collection":[{"href":"https:\/\/archive.sana.sy\/tr\/index.php?rest_route=\/wp\/v2\/posts"}],"about":[{"href":"https:\/\/archive.sana.sy\/tr\/index.php?rest_route=\/wp\/v2\/types\/post"}],"author":[{"embeddable":true,"href":"https:\/\/archive.sana.sy\/tr\/index.php?rest_route=\/wp\/v2\/users\/1"}],"replies":[{"embeddable":true,"href":"https:\/\/archive.sana.sy\/tr\/index.php?rest_route=%2Fwp%2Fv2%2Fcomments&post=256783"}],"version-history":[{"count":0,"href":"https:\/\/archive.sana.sy\/tr\/index.php?rest_route=\/wp\/v2\/posts\/256783\/revisions"}],"wp:featuredmedia":[{"embeddable":true,"href":"https:\/\/archive.sana.sy\/tr\/index.php?rest_route=\/wp\/v2\/media\/256784"}],"wp:attachment":[{"href":"https:\/\/archive.sana.sy\/tr\/index.php?rest_route=%2Fwp%2Fv2%2Fmedia&parent=256783"}],"wp:term":[{"taxonomy":"category","embeddable":true,"href":"https:\/\/archive.sana.sy\/tr\/index.php?rest_route=%2Fwp%2Fv2%2Fcategories&post=256783"},{"taxonomy":"post_tag","embeddable":true,"href":"https:\/\/archive.sana.sy\/tr\/index.php?rest_route=%2Fwp%2Fv2%2Ftags&post=256783"}],"curies":[{"name":"wp","href":"https:\/\/api.w.org\/{rel}","templated":true}]}}