{"id":256786,"date":"2022-06-10T22:20:42","date_gmt":"2022-06-10T19:20:42","guid":{"rendered":"http:\/\/107.6.182.27\/tr\/?p=256786"},"modified":"2022-06-12T08:43:01","modified_gmt":"2022-06-12T05:43:01","slug":"bakan-el-mildada-telefonda-abdullahian-israilin-korkak-saldirisini-kiniyoruz-direnis-ittifaki-her-zaman-suriyenin-yaninda-olacak","status":"publish","type":"post","link":"https:\/\/archive.sana.sy\/tr\/?p=256786","title":{"rendered":"Bakan el Mildad&#8217;a telefonda.. Abdullahian: \u0130srail&#8217;in Korkak Sald\u0131r\u0131s\u0131n\u0131 K\u0131n\u0131yoruz.. Direni\u015f Ittifak\u0131 Her Zaman Suriye&#8217;nin Yan\u0131nda Olacak"},"content":{"rendered":"<p style=\"text-align: justify;\">\u015eAM \u2013 D\u0131\u015fi\u015fleri ve Gurbet\u00e7iler Bakan\u0131 Feysal el Mikdad, bug\u00fcn \u0130ran \u0130slam Cumhuriyeti D\u0131\u015fi\u015fleri Bakan\u0131 H\u00fcseyin Amir Abdollahian&#8217;dan bir telefon ald\u0131.<\/p>\n<p style=\"text-align: justify;\">Bakan Abdullahian, \u0130ran \u0130slam Cumhuriyeti&#8217;nin bu sabah \u015eam&#8217;\u0131n g\u00fcney eteklerinde \u0130srail u\u00e7aklar\u0131 taraf\u0131ndan ger\u00e7ekle\u015ftirilen korkak \u0130srail sald\u0131rganl\u0131\u011f\u0131n\u0131n y\u00f6netimini ve halk\u0131n\u0131 k\u0131nad\u0131\u011f\u0131n\u0131 ifade etti.<\/p>\n<p style=\"text-align: justify;\">\u0130ranl\u0131 bakan, Suriye&#8217;nin kararl\u0131l\u0131\u011f\u0131n\u0131 ve ter\u00f6re kar\u015f\u0131 sava\u015f\u0131n\u0131 hedef alan yabanc\u0131 g\u00fc\u00e7lerin deste\u011fiyle \u0130srail&#8217;in sitelerine tekrarlanan sald\u0131r\u0131lar\u0131na yan\u0131t olarak \u00fclkesinin Suriye&#8217;ye deste\u011fini teyit etti.<\/p>\n<p style=\"text-align: justify;\">Bakan Abdullahian, Suriye liderli\u011finin egemenli\u011fini ve Suriye ve b\u00f6lgedeki ter\u00f6rizme kar\u015f\u0131 kahramanca duru\u015funu korumak i\u00e7in yorulmak bilmeyen \u00e7al\u0131\u015fmalar\u0131n\u0131 ve Suriye&#8217;nin i\u00e7 i\u015flerine yasad\u0131\u015f\u0131 d\u0131\u015f m\u00fcdahale kar\u015f\u0131s\u0131nda elde etti\u011fi zaferleri \u00f6vd\u00fc.<\/p>\n<p style=\"text-align: justify;\">\u0130ran d\u0131\u015fi\u015fleri bakan\u0131, direni\u015f ittifak\u0131n\u0131n egemenli\u011fini savunma ve topraklar\u0131n\u0131 \u00f6zg\u00fcrle\u015ftirme hakk\u0131n\u0131 kullan\u0131rken her zaman karde\u015f Suriye&#8217;nin yan\u0131nda olaca\u011f\u0131n\u0131 vurgulad\u0131.<\/p>\n<p style=\"text-align: justify;\">Bakan Mikdad ise \u0130ran&#8217;\u0131n Suriye taraf\u0131ndaki tutumlar\u0131n\u0131 takdir etti\u011fini ifade etti.<\/p>\n<p style=\"text-align: justify;\">El Mikdad, \u0130srail sald\u0131rganl\u0131\u011f\u0131n\u0131n, \u0130srail&#8217;in ter\u00f6rist m\u00fcttefiklerine sa\u011flad\u0131\u011f\u0131 destek, Amerikan g\u00fc\u00e7lerinin ve ara\u00e7lar\u0131n\u0131n kuzeydo\u011fudaki eylemleri ve T\u00fcrkiye&#8217;nin Suriye topraklar\u0131na sald\u0131r\u0131 ba\u015flatma tehditleri \u00e7er\u00e7evesinde geldi\u011fini belirtti.<\/p>\n<p style=\"text-align: justify;\">El Mikdad ayr\u0131ca, Suriye&#8217;nin, \u0130srail&#8217;in hain sald\u0131r\u0131lar\u0131n\u0131 p\u00fcsk\u00fcrtme hakk\u0131n\u0131, ter\u00f6re kar\u015f\u0131 sava\u015f\u0131n\u0131 s\u00fcrd\u00fcrme ve Suriye&#8217;yi t\u00fcm ter\u00f6ristlerden ve onlar\u0131 destekleyen yasad\u0131\u015f\u0131 yabanc\u0131 g\u00fc\u00e7lerden kurtarma hakk\u0131n\u0131 t\u00fcm me\u015fru yollarla savunaca\u011f\u0131n\u0131 teyit etti.<\/p>\n<p style=\"text-align: justify;\">P.M.<\/p>\n","protected":false},"excerpt":{"rendered":"<p>\u015eAM \u2013 D\u0131\u015fi\u015fleri ve Gurbet\u00e7iler Bakan\u0131 Feysal el Mikdad, bug\u00fcn \u0130ran \u0130slam Cumhuriyeti D\u0131\u015fi\u015fleri Bakan\u0131 H\u00fcseyin Amir Abdollahian&#8217;dan bir telefon ald\u0131. Bakan Abdullahian, \u0130ran \u0130slam Cumhuriyeti&#8217;nin bu sabah \u015eam&#8217;\u0131n g\u00fcney eteklerinde \u0130srail u\u00e7aklar\u0131 taraf\u0131ndan ger\u00e7ekle\u015ftirilen korkak \u0130srail sald\u0131rganl\u0131\u011f\u0131n\u0131n y\u00f6netimini ve halk\u0131n\u0131 k\u0131nad\u0131\u011f\u0131n\u0131 ifade etti. \u0130ranl\u0131 bakan, Suriye&#8217;nin kararl\u0131l\u0131\u011f\u0131n\u0131 ve ter\u00f6re kar\u015f\u0131 sava\u015f\u0131n\u0131 hedef alan yabanc\u0131 &hellip;<\/p>\n","protected":false},"author":1,"featured_media":256787,"comment_status":"closed","ping_status":"closed","sticky":false,"template":"","format":"standard","meta":{"footnotes":""},"categories":[479,17988,478],"tags":[],"class_list":["post-256786","post","type-post","status-publish","format-standard","has-post-thumbnail","","category-haberler-yerel","category-son-haberler","category-yerel"],"_links":{"self":[{"href":"https:\/\/archive.sana.sy\/tr\/index.php?rest_route=\/wp\/v2\/posts\/256786","targetHints":{"allow":["GET"]}}],"collection":[{"href":"https:\/\/archive.sana.sy\/tr\/index.php?rest_route=\/wp\/v2\/posts"}],"about":[{"href":"https:\/\/archive.sana.sy\/tr\/index.php?rest_route=\/wp\/v2\/types\/post"}],"author":[{"embeddable":true,"href":"https:\/\/archive.sana.sy\/tr\/index.php?rest_route=\/wp\/v2\/users\/1"}],"replies":[{"embeddable":true,"href":"https:\/\/archive.sana.sy\/tr\/index.php?rest_route=%2Fwp%2Fv2%2Fcomments&post=256786"}],"version-history":[{"count":0,"href":"https:\/\/archive.sana.sy\/tr\/index.php?rest_route=\/wp\/v2\/posts\/256786\/revisions"}],"wp:featuredmedia":[{"embeddable":true,"href":"https:\/\/archive.sana.sy\/tr\/index.php?rest_route=\/wp\/v2\/media\/256787"}],"wp:attachment":[{"href":"https:\/\/archive.sana.sy\/tr\/index.php?rest_route=%2Fwp%2Fv2%2Fmedia&parent=256786"}],"wp:term":[{"taxonomy":"category","embeddable":true,"href":"https:\/\/archive.sana.sy\/tr\/index.php?rest_route=%2Fwp%2Fv2%2Fcategories&post=256786"},{"taxonomy":"post_tag","embeddable":true,"href":"https:\/\/archive.sana.sy\/tr\/index.php?rest_route=%2Fwp%2Fv2%2Ftags&post=256786"}],"curies":[{"name":"wp","href":"https:\/\/api.w.org\/{rel}","templated":true}]}}