{"id":256802,"date":"2022-06-10T22:28:38","date_gmt":"2022-06-10T19:28:38","guid":{"rendered":"http:\/\/107.6.182.27\/tr\/?p=256802"},"modified":"2022-06-12T08:58:15","modified_gmt":"2022-06-12T05:58:15","slug":"ulastirma-bakanligi-israil-saldirganligi-sam-havalimanindaki-pistlerinin-hizmet-disi-kalmasina-neden-oldu","status":"publish","type":"post","link":"https:\/\/archive.sana.sy\/tr\/?p=256802","title":{"rendered":"Ula\u015ft\u0131rma Bakanl\u0131\u011f\u0131: \u0130srail Sald\u0131rganl\u0131\u011f\u0131 \u015eam Havaliman\u0131&#8217;ndaki Pistlerinin Hizmet D\u0131\u015f\u0131 Kalmas\u0131na Neden Oldu"},"content":{"rendered":"<p>\u015eAM \u2013 Ula\u015ft\u0131rma Bakanl\u0131\u011f\u0131, bug\u00fcn \u015fafak vakti \u015eam Uluslararas\u0131 Havaliman\u0131&#8217;n\u0131n altyap\u0131s\u0131n\u0131 hedef alan vah\u015fi \u0130srail sald\u0131r\u0131s\u0131n\u0131n hava liman\u0131n\u0131n hizmet d\u0131\u015f\u0131 kalmas\u0131na neden oldu\u011funu ilan etti.<\/p>\n<p>Bakanl\u0131k yay\u0131nlad\u0131\u011f\u0131 ve SANA&#8217;n\u0131n n\u00fcshas\u0131n\u0131 ald\u0131\u011f\u0131 beyanda, \u0130srail sald\u0131rganl\u0131\u011f\u0131 sonucunda havaliman\u0131n\u0131n ikinci terminal binas\u0131n\u0131n maddi hasara ek olarak, u\u00e7ak pistlerinin birden fazla yerde ve seyir ayd\u0131nlatmas\u0131 ile \u00f6nemli \u00f6l\u00e7\u00fcde hasar g\u00f6rd\u00fc\u011f\u00fcn\u00fc belirtirken, bu zararlar nedeniyle havaliman\u0131ndan gelen ve giden u\u00e7u\u015flar bir sonraki duyuruya kadar durduruldu\u011funa i\u015faret etti.<\/p>\n<p>Bakanl\u0131k, sivil havac\u0131l\u0131ktaki kadrolar\u0131n\u0131n ve yetkin ulusal \u015firketlerin sald\u0131rganl\u0131\u011f\u0131n etkilerini ortadan kald\u0131rmak ve havaliman\u0131nda meydana gelen b\u00fcy\u00fck hasar\u0131 onarmak i\u00e7in \u00e7al\u0131\u015ft\u0131klar\u0131n\u0131 belirtti.<\/p>\n","protected":false},"excerpt":{"rendered":"<p>\u015eAM \u2013 Ula\u015ft\u0131rma Bakanl\u0131\u011f\u0131, bug\u00fcn \u015fafak vakti \u015eam Uluslararas\u0131 Havaliman\u0131&#8217;n\u0131n altyap\u0131s\u0131n\u0131 hedef alan vah\u015fi \u0130srail sald\u0131r\u0131s\u0131n\u0131n hava liman\u0131n\u0131n hizmet d\u0131\u015f\u0131 kalmas\u0131na neden oldu\u011funu ilan etti. Bakanl\u0131k yay\u0131nlad\u0131\u011f\u0131 ve SANA&#8217;n\u0131n n\u00fcshas\u0131n\u0131 ald\u0131\u011f\u0131 beyanda, \u0130srail sald\u0131rganl\u0131\u011f\u0131 sonucunda havaliman\u0131n\u0131n ikinci terminal binas\u0131n\u0131n maddi hasara ek olarak, u\u00e7ak pistlerinin birden fazla yerde ve seyir ayd\u0131nlatmas\u0131 ile \u00f6nemli \u00f6l\u00e7\u00fcde hasar &hellip;<\/p>\n","protected":false},"author":36,"featured_media":256803,"comment_status":"closed","ping_status":"closed","sticky":false,"template":"","format":"standard","meta":{"footnotes":""},"categories":[479,575,17988,478],"tags":[],"class_list":["post-256802","post","type-post","status-publish","format-standard","has-post-thumbnail","","category-haberler-yerel","category-olaylar-ve-gercekler","category-son-haberler","category-yerel"],"_links":{"self":[{"href":"https:\/\/archive.sana.sy\/tr\/index.php?rest_route=\/wp\/v2\/posts\/256802","targetHints":{"allow":["GET"]}}],"collection":[{"href":"https:\/\/archive.sana.sy\/tr\/index.php?rest_route=\/wp\/v2\/posts"}],"about":[{"href":"https:\/\/archive.sana.sy\/tr\/index.php?rest_route=\/wp\/v2\/types\/post"}],"author":[{"embeddable":true,"href":"https:\/\/archive.sana.sy\/tr\/index.php?rest_route=\/wp\/v2\/users\/36"}],"replies":[{"embeddable":true,"href":"https:\/\/archive.sana.sy\/tr\/index.php?rest_route=%2Fwp%2Fv2%2Fcomments&post=256802"}],"version-history":[{"count":0,"href":"https:\/\/archive.sana.sy\/tr\/index.php?rest_route=\/wp\/v2\/posts\/256802\/revisions"}],"wp:featuredmedia":[{"embeddable":true,"href":"https:\/\/archive.sana.sy\/tr\/index.php?rest_route=\/wp\/v2\/media\/256803"}],"wp:attachment":[{"href":"https:\/\/archive.sana.sy\/tr\/index.php?rest_route=%2Fwp%2Fv2%2Fmedia&parent=256802"}],"wp:term":[{"taxonomy":"category","embeddable":true,"href":"https:\/\/archive.sana.sy\/tr\/index.php?rest_route=%2Fwp%2Fv2%2Fcategories&post=256802"},{"taxonomy":"post_tag","embeddable":true,"href":"https:\/\/archive.sana.sy\/tr\/index.php?rest_route=%2Fwp%2Fv2%2Ftags&post=256802"}],"curies":[{"name":"wp","href":"https:\/\/api.w.org\/{rel}","templated":true}]}}