{"id":256805,"date":"2022-06-11T09:35:15","date_gmt":"2022-06-11T06:35:15","guid":{"rendered":"http:\/\/107.6.182.27\/tr\/?p=256805"},"modified":"2022-06-12T08:43:11","modified_gmt":"2022-06-12T05:43:11","slug":"kotilova-turk-rejiminin-suriyenin-kuzeyinde-isledigi-suclara-yonelik-uluslararasi-sessizlik-kabul-edilemez","status":"publish","type":"post","link":"https:\/\/archive.sana.sy\/tr\/?p=256805","title":{"rendered":"Kotilova: T\u00fcrk Rejiminin Suriye&#8217;nin Kuzeyinde \u0130\u015fledi\u011fi Su\u00e7lara Y\u00f6nelik Uluslararas\u0131 Sessizlik Kabul Edilemez"},"content":{"rendered":"<p>PRAG \u2013 \u00c7ek gazeteci Marketa Kotilova, T\u00fcrk rejiminin Suriye&#8217;ye kar\u015f\u0131 i\u015fledi\u011fi sava\u015f su\u00e7lar\u0131 ve insanl\u0131\u011fa kar\u015f\u0131 su\u00e7lara y\u00f6nelik uluslararas\u0131 sessizli\u011fin kabul edilemez oldu\u011funu belirtirken, Kuzey Suriye&#8217;de yeni bir sald\u0131rganl\u0131k ba\u015flatmak i\u00e7in ba\u015flatt\u0131\u011f\u0131 yeni tehditlerin tehlikelerine kar\u015f\u0131 uyar\u0131da bulundu.<\/p>\n<p>Facebook sayfas\u0131ndan yapt\u0131\u011f\u0131 yorumda Kotilova, T\u00fcrk rejimi ve \u00e7etelerinin i\u015fledi\u011fi bu su\u00e7lar\u0131n uluslararas\u0131 hukuka a\u00e7\u0131k\u00e7a ayk\u0131r\u0131 oldu\u011funa ancak Bat\u0131l\u0131 \u00fclkelerin ve uluslararas\u0131 toplumun bunlara sessiz kald\u0131\u011f\u0131na dikkat \u00e7ekti.<\/p>\n<p>&#8220;Alarm 2&#8221; internet sitesinde yay\u0131nlanan bir yaz\u0131s\u0131nda Kotilova, T\u00fcrkiye Cumhurba\u015fkan\u0131 Recep Tayyip Erdo\u011fan rejiminin Suriye&#8217;de i\u015fledi\u011fi sava\u015f su\u00e7lar\u0131ndan dolay\u0131 cezaland\u0131ramamas\u0131n\u0131n ve Bat\u0131&#8217;n\u0131n uygulamalar\u0131na sessiz kalmas\u0131n\u0131n yay\u0131lmac\u0131 planlar\u0131n\u0131 s\u00fcrd\u00fcrmesine neden oldu\u011funu belirtti.<\/p>\n<p><span style=\"color: #3366ff;\">#Telegram_Kanal\u0131m\u0131z: https:\/\/t.me\/SuriyeArapHaberAjans<\/span><\/p>\n","protected":false},"excerpt":{"rendered":"<p>PRAG \u2013 \u00c7ek gazeteci Marketa Kotilova, T\u00fcrk rejiminin Suriye&#8217;ye kar\u015f\u0131 i\u015fledi\u011fi sava\u015f su\u00e7lar\u0131 ve insanl\u0131\u011fa kar\u015f\u0131 su\u00e7lara y\u00f6nelik uluslararas\u0131 sessizli\u011fin kabul edilemez oldu\u011funu belirtirken, Kuzey Suriye&#8217;de yeni bir sald\u0131rganl\u0131k ba\u015flatmak i\u00e7in ba\u015flatt\u0131\u011f\u0131 yeni tehditlerin tehlikelerine kar\u015f\u0131 uyar\u0131da bulundu. Facebook sayfas\u0131ndan yapt\u0131\u011f\u0131 yorumda Kotilova, T\u00fcrk rejimi ve \u00e7etelerinin i\u015fledi\u011fi bu su\u00e7lar\u0131n uluslararas\u0131 hukuka a\u00e7\u0131k\u00e7a ayk\u0131r\u0131 oldu\u011funa &hellip;<\/p>\n","protected":false},"author":36,"featured_media":256806,"comment_status":"closed","ping_status":"closed","sticky":false,"template":"","format":"standard","meta":{"footnotes":""},"categories":[458,459,17988],"tags":[],"class_list":["post-256805","post","type-post","status-publish","format-standard","has-post-thumbnail","","category-dunya1","category-haberler-arap-uluslararasi-politika","category-son-haberler"],"_links":{"self":[{"href":"https:\/\/archive.sana.sy\/tr\/index.php?rest_route=\/wp\/v2\/posts\/256805","targetHints":{"allow":["GET"]}}],"collection":[{"href":"https:\/\/archive.sana.sy\/tr\/index.php?rest_route=\/wp\/v2\/posts"}],"about":[{"href":"https:\/\/archive.sana.sy\/tr\/index.php?rest_route=\/wp\/v2\/types\/post"}],"author":[{"embeddable":true,"href":"https:\/\/archive.sana.sy\/tr\/index.php?rest_route=\/wp\/v2\/users\/36"}],"replies":[{"embeddable":true,"href":"https:\/\/archive.sana.sy\/tr\/index.php?rest_route=%2Fwp%2Fv2%2Fcomments&post=256805"}],"version-history":[{"count":0,"href":"https:\/\/archive.sana.sy\/tr\/index.php?rest_route=\/wp\/v2\/posts\/256805\/revisions"}],"wp:featuredmedia":[{"embeddable":true,"href":"https:\/\/archive.sana.sy\/tr\/index.php?rest_route=\/wp\/v2\/media\/256806"}],"wp:attachment":[{"href":"https:\/\/archive.sana.sy\/tr\/index.php?rest_route=%2Fwp%2Fv2%2Fmedia&parent=256805"}],"wp:term":[{"taxonomy":"category","embeddable":true,"href":"https:\/\/archive.sana.sy\/tr\/index.php?rest_route=%2Fwp%2Fv2%2Fcategories&post=256805"},{"taxonomy":"post_tag","embeddable":true,"href":"https:\/\/archive.sana.sy\/tr\/index.php?rest_route=%2Fwp%2Fv2%2Ftags&post=256805"}],"curies":[{"name":"wp","href":"https:\/\/api.w.org\/{rel}","templated":true}]}}