{"id":256808,"date":"2022-06-11T11:03:57","date_gmt":"2022-06-11T08:03:57","guid":{"rendered":"http:\/\/107.6.182.27\/tr\/?p=256808"},"modified":"2022-06-13T08:35:46","modified_gmt":"2022-06-13T05:35:46","slug":"dera-kirsalinda-bir-mayin-patladi-5-kisi-sehit-dustu-30-kisi-de-yaralandi","status":"publish","type":"post","link":"https:\/\/archive.sana.sy\/tr\/?p=256808","title":{"rendered":"Dera K\u0131rsal\u0131nda Bir May\u0131n Patlad\u0131, 5 Ki\u015fi \u015eehit D\u00fc\u015ft\u00fc, 30 Ki\u015fi De Yaraland\u0131"},"content":{"rendered":"<p>DERA \u2013 SANA Muhabeiri, Dera k\u0131rsal\u0131nda yer alan Deyr El Adas beldesinde kendilerini ta\u015f\u0131yan bir otomobilde bir may\u0131n\u0131n patlamas\u0131 sonucunda bu\u011fday hasad\u0131nda \u00e7al\u0131\u015fan 5 sivilin \u015fehit d\u00fc\u015ft\u00fc\u011f\u00fcn\u00fc, 30&#8217;a yak\u0131n sivilin de yaraland\u0131\u011f\u0131n\u0131 belirtti.<\/p>\n<p><span style=\"color: #0000ff;\">#Telegram_Kanal\u0131m\u0131z: https:\/\/t.me\/SuriyeArapHaberAjans<\/span><\/p>\n","protected":false},"excerpt":{"rendered":"<p>DERA \u2013 SANA Muhabeiri, Dera k\u0131rsal\u0131nda yer alan Deyr El Adas beldesinde kendilerini ta\u015f\u0131yan bir otomobilde bir may\u0131n\u0131n patlamas\u0131 sonucunda bu\u011fday hasad\u0131nda \u00e7al\u0131\u015fan 5 sivilin \u015fehit d\u00fc\u015ft\u00fc\u011f\u00fcn\u00fc, 30&#8217;a yak\u0131n sivilin de yaraland\u0131\u011f\u0131n\u0131 belirtti. #Telegram_Kanal\u0131m\u0131z: https:\/\/t.me\/SuriyeArapHaberAjans<\/p>\n","protected":false},"author":36,"featured_media":256809,"comment_status":"closed","ping_status":"closed","sticky":false,"template":"","format":"standard","meta":{"footnotes":""},"categories":[479,575,17988,478],"tags":[],"class_list":["post-256808","post","type-post","status-publish","format-standard","has-post-thumbnail","","category-haberler-yerel","category-olaylar-ve-gercekler","category-son-haberler","category-yerel"],"_links":{"self":[{"href":"https:\/\/archive.sana.sy\/tr\/index.php?rest_route=\/wp\/v2\/posts\/256808","targetHints":{"allow":["GET"]}}],"collection":[{"href":"https:\/\/archive.sana.sy\/tr\/index.php?rest_route=\/wp\/v2\/posts"}],"about":[{"href":"https:\/\/archive.sana.sy\/tr\/index.php?rest_route=\/wp\/v2\/types\/post"}],"author":[{"embeddable":true,"href":"https:\/\/archive.sana.sy\/tr\/index.php?rest_route=\/wp\/v2\/users\/36"}],"replies":[{"embeddable":true,"href":"https:\/\/archive.sana.sy\/tr\/index.php?rest_route=%2Fwp%2Fv2%2Fcomments&post=256808"}],"version-history":[{"count":0,"href":"https:\/\/archive.sana.sy\/tr\/index.php?rest_route=\/wp\/v2\/posts\/256808\/revisions"}],"wp:featuredmedia":[{"embeddable":true,"href":"https:\/\/archive.sana.sy\/tr\/index.php?rest_route=\/wp\/v2\/media\/256809"}],"wp:attachment":[{"href":"https:\/\/archive.sana.sy\/tr\/index.php?rest_route=%2Fwp%2Fv2%2Fmedia&parent=256808"}],"wp:term":[{"taxonomy":"category","embeddable":true,"href":"https:\/\/archive.sana.sy\/tr\/index.php?rest_route=%2Fwp%2Fv2%2Fcategories&post=256808"},{"taxonomy":"post_tag","embeddable":true,"href":"https:\/\/archive.sana.sy\/tr\/index.php?rest_route=%2Fwp%2Fv2%2Ftags&post=256808"}],"curies":[{"name":"wp","href":"https:\/\/api.w.org\/{rel}","templated":true}]}}