{"id":256812,"date":"2022-06-11T07:36:38","date_gmt":"2022-06-11T04:36:38","guid":{"rendered":"http:\/\/107.6.182.27\/tr\/?p=256812"},"modified":"2022-06-12T10:43:07","modified_gmt":"2022-06-12T07:43:07","slug":"ukraynadaki-rusya-ozel-askeri-operasyonunun-gelismeleri-8","status":"publish","type":"post","link":"https:\/\/archive.sana.sy\/tr\/?p=256812","title":{"rendered":"Ukrayna\u2019daki Rusya \u00d6zel Askeri Operasyonunun Geli\u015fmeleri"},"content":{"rendered":"<ul>\n<li>Rusya Savunma Bakanl\u0131\u011f\u0131: Rus hava savunma kuvvetleri son 24 saat i\u00e7inde 3 sava\u015f\u00e7\u0131y\u0131 ve 12 Ukrayna \u0130HA\u2019s\u0131n\u0131 d\u00fc\u015f\u00fcrd\u00fc<\/li>\n<li>Lugansk: Azot fabrikas\u0131nda yakla\u015f\u0131k 400 Ukraynal\u0131 militan mahsur kald\u0131<\/li>\n<\/ul>\n<p><a href=\"https:\/\/www.facebook.com\/hashtag\/telegram_kanal%C4%B1m%C4%B1z?__eep__=6&amp;__cft__%5b0%5d=AZWkzXz_zG6dGOXcVo7NiRUhTjq2bP5CmEeI6PU7vEZCFSiiLwFzSiHclec8krCPWNBHM0LM5pkqXdC-n6sq0O9wcvJ-j1JSV1gdJpLOCnJnruy600przDfzstFB5nGx8ZWu8zsoQGw1FsiWUHhEiA_6u4v1KFg-GEobGOXKGb3CkA&amp;__tn__=*NK-R\">#Telegram_Kanal\u0131m\u0131z<\/a>:\u00a0<a href=\"https:\/\/t.me\/SuriyeArapHaberAjans?fbclid=IwAR0rDGegh1hMKrcsKlExfwqhMUKatvZin-03CJk3K9vefeQG863JcbePaUQ\">https:\/\/t.me\/SuriyeArapHaberAjans<\/a><\/p>\n","protected":false},"excerpt":{"rendered":"<p>Rusya Savunma Bakanl\u0131\u011f\u0131: Rus hava savunma kuvvetleri son 24 saat i\u00e7inde 3 sava\u015f\u00e7\u0131y\u0131 ve 12 Ukrayna \u0130HA\u2019s\u0131n\u0131 d\u00fc\u015f\u00fcrd\u00fc Lugansk: Azot fabrikas\u0131nda yakla\u015f\u0131k 400 Ukraynal\u0131 militan mahsur kald\u0131 #Telegram_Kanal\u0131m\u0131z:\u00a0https:\/\/t.me\/SuriyeArapHaberAjans<\/p>\n","protected":false},"author":36,"featured_media":256814,"comment_status":"closed","ping_status":"closed","sticky":false,"template":"","format":"standard","meta":{"footnotes":""},"categories":[458,459,17988],"tags":[],"class_list":["post-256812","post","type-post","status-publish","format-standard","has-post-thumbnail","","category-dunya1","category-haberler-arap-uluslararasi-politika","category-son-haberler"],"_links":{"self":[{"href":"https:\/\/archive.sana.sy\/tr\/index.php?rest_route=\/wp\/v2\/posts\/256812","targetHints":{"allow":["GET"]}}],"collection":[{"href":"https:\/\/archive.sana.sy\/tr\/index.php?rest_route=\/wp\/v2\/posts"}],"about":[{"href":"https:\/\/archive.sana.sy\/tr\/index.php?rest_route=\/wp\/v2\/types\/post"}],"author":[{"embeddable":true,"href":"https:\/\/archive.sana.sy\/tr\/index.php?rest_route=\/wp\/v2\/users\/36"}],"replies":[{"embeddable":true,"href":"https:\/\/archive.sana.sy\/tr\/index.php?rest_route=%2Fwp%2Fv2%2Fcomments&post=256812"}],"version-history":[{"count":0,"href":"https:\/\/archive.sana.sy\/tr\/index.php?rest_route=\/wp\/v2\/posts\/256812\/revisions"}],"wp:featuredmedia":[{"embeddable":true,"href":"https:\/\/archive.sana.sy\/tr\/index.php?rest_route=\/wp\/v2\/media\/256814"}],"wp:attachment":[{"href":"https:\/\/archive.sana.sy\/tr\/index.php?rest_route=%2Fwp%2Fv2%2Fmedia&parent=256812"}],"wp:term":[{"taxonomy":"category","embeddable":true,"href":"https:\/\/archive.sana.sy\/tr\/index.php?rest_route=%2Fwp%2Fv2%2Fcategories&post=256812"},{"taxonomy":"post_tag","embeddable":true,"href":"https:\/\/archive.sana.sy\/tr\/index.php?rest_route=%2Fwp%2Fv2%2Ftags&post=256812"}],"curies":[{"name":"wp","href":"https:\/\/api.w.org\/{rel}","templated":true}]}}