{"id":256816,"date":"2022-06-11T11:44:45","date_gmt":"2022-06-11T08:44:45","guid":{"rendered":"http:\/\/107.6.182.27\/tr\/?p=256816"},"modified":"2022-06-13T08:35:49","modified_gmt":"2022-06-13T05:35:49","slug":"halepte-turk-isgaline-karsi-protesto-gosterisi-duzenlendi","status":"publish","type":"post","link":"https:\/\/archive.sana.sy\/tr\/?p=256816","title":{"rendered":"Halep\u2019te T\u00fcrk \u0130\u015fgaline Kar\u015f\u0131 Protesto G\u00f6sterisi D\u00fczenlendi"},"content":{"rendered":"<p>HALEP \u2013 Halep k\u0131rsal\u0131n\u0131n kuzeyinde yer alan Tel R\u0131fat beldesi ve \u00e7evresi halk\u0131 bug\u00fcn, T\u00fcrk i\u015fgalini ve ter\u00f6r \u00e7etelerini ve Suriye vatanda\u015flar\u0131na y\u00f6nelik su\u00e7 uygulamalar\u0131n\u0131 reddetmek i\u00e7in protesto g\u00f6sterisi d\u00fczenledi.<\/p>\n<p><span style=\"color: #0000ff;\">#Telegram_Kanal\u0131m\u0131z: https:\/\/t.me\/SuriyeArapHaberAjans<\/span><\/p>\n","protected":false},"excerpt":{"rendered":"<p>HALEP \u2013 Halep k\u0131rsal\u0131n\u0131n kuzeyinde yer alan Tel R\u0131fat beldesi ve \u00e7evresi halk\u0131 bug\u00fcn, T\u00fcrk i\u015fgalini ve ter\u00f6r \u00e7etelerini ve Suriye vatanda\u015flar\u0131na y\u00f6nelik su\u00e7 uygulamalar\u0131n\u0131 reddetmek i\u00e7in protesto g\u00f6sterisi d\u00fczenledi. #Telegram_Kanal\u0131m\u0131z: https:\/\/t.me\/SuriyeArapHaberAjans<\/p>\n","protected":false},"author":36,"featured_media":256817,"comment_status":"closed","ping_status":"closed","sticky":false,"template":"","format":"standard","meta":{"footnotes":""},"categories":[479,17988,478],"tags":[],"class_list":["post-256816","post","type-post","status-publish","format-standard","has-post-thumbnail","","category-haberler-yerel","category-son-haberler","category-yerel"],"_links":{"self":[{"href":"https:\/\/archive.sana.sy\/tr\/index.php?rest_route=\/wp\/v2\/posts\/256816","targetHints":{"allow":["GET"]}}],"collection":[{"href":"https:\/\/archive.sana.sy\/tr\/index.php?rest_route=\/wp\/v2\/posts"}],"about":[{"href":"https:\/\/archive.sana.sy\/tr\/index.php?rest_route=\/wp\/v2\/types\/post"}],"author":[{"embeddable":true,"href":"https:\/\/archive.sana.sy\/tr\/index.php?rest_route=\/wp\/v2\/users\/36"}],"replies":[{"embeddable":true,"href":"https:\/\/archive.sana.sy\/tr\/index.php?rest_route=%2Fwp%2Fv2%2Fcomments&post=256816"}],"version-history":[{"count":0,"href":"https:\/\/archive.sana.sy\/tr\/index.php?rest_route=\/wp\/v2\/posts\/256816\/revisions"}],"wp:featuredmedia":[{"embeddable":true,"href":"https:\/\/archive.sana.sy\/tr\/index.php?rest_route=\/wp\/v2\/media\/256817"}],"wp:attachment":[{"href":"https:\/\/archive.sana.sy\/tr\/index.php?rest_route=%2Fwp%2Fv2%2Fmedia&parent=256816"}],"wp:term":[{"taxonomy":"category","embeddable":true,"href":"https:\/\/archive.sana.sy\/tr\/index.php?rest_route=%2Fwp%2Fv2%2Fcategories&post=256816"},{"taxonomy":"post_tag","embeddable":true,"href":"https:\/\/archive.sana.sy\/tr\/index.php?rest_route=%2Fwp%2Fv2%2Ftags&post=256816"}],"curies":[{"name":"wp","href":"https:\/\/api.w.org\/{rel}","templated":true}]}}