{"id":256824,"date":"2022-06-12T10:12:44","date_gmt":"2022-06-12T07:12:44","guid":{"rendered":"http:\/\/107.6.182.27\/tr\/?p=256824"},"modified":"2022-06-13T08:35:59","modified_gmt":"2022-06-13T05:35:59","slug":"kuzey-irakta-2-turk-askeri-olduruldu","status":"publish","type":"post","link":"https:\/\/archive.sana.sy\/tr\/?p=256824","title":{"rendered":"Kuzey Irak&#8217;ta 2 T\u00fcrk Askeri \u00d6ld\u00fcr\u00fcld\u00fc"},"content":{"rendered":"<p>ANKARA \u2013 T\u00fcrk rejiminin Savunma Bakanl\u0131\u011f\u0131, kuzey Irak&#8217;a y\u00f6nelik T\u00fcrk sald\u0131r\u0131s\u0131na kat\u0131lan iki askerinin \u00f6ld\u00fcr\u00fcld\u00fc\u011f\u00fcn\u00fc ilan etti.<\/p>\n<p>Bakanl\u0131k, T\u00fcrk rejimin s\u00f6zc\u00fcs\u00fc Anadolu Ajans\u0131 taraf\u0131ndan d\u00fcn bildirilen bir a\u00e7\u0131klamada, d\u00fcn kuzey Irak&#8217;ta bir bomba d\u00fczene\u011finin patlamas\u0131 sonucunda iki askerin \u00f6ld\u00fc\u011f\u00fcn\u00fc ve iki askerin de yaraland\u0131\u011f\u0131n\u0131 belirtti.<\/p>\n<p><span style=\"color: #0000ff;\">#Telegram_Kanal\u0131m\u0131z: https:\/\/t.me\/SuriyeArapHaberAjans<\/span><\/p>\n","protected":false},"excerpt":{"rendered":"<p>ANKARA \u2013 T\u00fcrk rejiminin Savunma Bakanl\u0131\u011f\u0131, kuzey Irak&#8217;a y\u00f6nelik T\u00fcrk sald\u0131r\u0131s\u0131na kat\u0131lan iki askerinin \u00f6ld\u00fcr\u00fcld\u00fc\u011f\u00fcn\u00fc ilan etti. Bakanl\u0131k, T\u00fcrk rejimin s\u00f6zc\u00fcs\u00fc Anadolu Ajans\u0131 taraf\u0131ndan d\u00fcn bildirilen bir a\u00e7\u0131klamada, d\u00fcn kuzey Irak&#8217;ta bir bomba d\u00fczene\u011finin patlamas\u0131 sonucunda iki askerin \u00f6ld\u00fc\u011f\u00fcn\u00fc ve iki askerin de yaraland\u0131\u011f\u0131n\u0131 belirtti. #Telegram_Kanal\u0131m\u0131z: https:\/\/t.me\/SuriyeArapHaberAjans<\/p>\n","protected":false},"author":36,"featured_media":256825,"comment_status":"closed","ping_status":"closed","sticky":false,"template":"","format":"standard","meta":{"footnotes":""},"categories":[458,459,17988],"tags":[],"class_list":["post-256824","post","type-post","status-publish","format-standard","has-post-thumbnail","","category-dunya1","category-haberler-arap-uluslararasi-politika","category-son-haberler"],"_links":{"self":[{"href":"https:\/\/archive.sana.sy\/tr\/index.php?rest_route=\/wp\/v2\/posts\/256824","targetHints":{"allow":["GET"]}}],"collection":[{"href":"https:\/\/archive.sana.sy\/tr\/index.php?rest_route=\/wp\/v2\/posts"}],"about":[{"href":"https:\/\/archive.sana.sy\/tr\/index.php?rest_route=\/wp\/v2\/types\/post"}],"author":[{"embeddable":true,"href":"https:\/\/archive.sana.sy\/tr\/index.php?rest_route=\/wp\/v2\/users\/36"}],"replies":[{"embeddable":true,"href":"https:\/\/archive.sana.sy\/tr\/index.php?rest_route=%2Fwp%2Fv2%2Fcomments&post=256824"}],"version-history":[{"count":0,"href":"https:\/\/archive.sana.sy\/tr\/index.php?rest_route=\/wp\/v2\/posts\/256824\/revisions"}],"wp:featuredmedia":[{"embeddable":true,"href":"https:\/\/archive.sana.sy\/tr\/index.php?rest_route=\/wp\/v2\/media\/256825"}],"wp:attachment":[{"href":"https:\/\/archive.sana.sy\/tr\/index.php?rest_route=%2Fwp%2Fv2%2Fmedia&parent=256824"}],"wp:term":[{"taxonomy":"category","embeddable":true,"href":"https:\/\/archive.sana.sy\/tr\/index.php?rest_route=%2Fwp%2Fv2%2Fcategories&post=256824"},{"taxonomy":"post_tag","embeddable":true,"href":"https:\/\/archive.sana.sy\/tr\/index.php?rest_route=%2Fwp%2Fv2%2Ftags&post=256824"}],"curies":[{"name":"wp","href":"https:\/\/api.w.org\/{rel}","templated":true}]}}