{"id":256833,"date":"2022-06-12T10:11:04","date_gmt":"2022-06-12T07:11:04","guid":{"rendered":"http:\/\/107.6.182.27\/tr\/?p=256833"},"modified":"2022-06-13T08:35:56","modified_gmt":"2022-06-13T05:35:56","slug":"israil-isgal-gucleri-bati-yakada-6-filistinliyi-tutukladi-9","status":"publish","type":"post","link":"https:\/\/archive.sana.sy\/tr\/?p=256833","title":{"rendered":"\u0130srail \u0130\u015fgal G\u00fc\u00e7leri, Bat\u0131 Yaka\u2019da 6 Filistinliyi Tutuklad\u0131"},"content":{"rendered":"<p>\u0130\u015eGAL ED\u0130LEN KUD\u00dcS \u2013 \u0130srail i\u015fgal g\u00fc\u00e7leri, Bat\u0131 Yaka\u2019n\u0131n farkl\u0131 b\u00f6lgelerinde 6 Filistinliyi tutuklad\u0131.<\/p>\n<p>Filistin Medyas\u0131, \u0130srail i\u015fgal g\u00fc\u00e7lerinin, i\u015fgal edilen kud\u00fcs\u2019teki \u015eafat ve El Aysaviye beldelerine ve Tulkar\u0131m\u2019daki Nur \u015eems kamp\u0131na bask\u0131n d\u00fczenledi\u011fini belirtirken, 6 Filistinliyi tutuklad\u0131\u011f\u0131na i\u015faret etti.<\/p>\n<article id=\"the-post\" class=\"post-listing post-256827 post type-post status-publish format-standard has-post-thumbnail category-dunya1 category-haber-seridi category-haberler-arap-uluslararasi-politika category-slayt\">\n<div class=\"post-inner\">\n<div class=\"entry\">\n<p><a href=\"https:\/\/www.facebook.com\/hashtag\/telegram_kanal%C4%B1m%C4%B1z?__eep__=6&amp;__cft__%5b0%5d=AZWkzXz_zG6dGOXcVo7NiRUhTjq2bP5CmEeI6PU7vEZCFSiiLwFzSiHclec8krCPWNBHM0LM5pkqXdC-n6sq0O9wcvJ-j1JSV1gdJpLOCnJnruy600przDfzstFB5nGx8ZWu8zsoQGw1FsiWUHhEiA_6u4v1KFg-GEobGOXKGb3CkA&amp;__tn__=*NK-R\">#Telegram_Kanal\u0131m\u0131z<\/a>:\u00a0<a href=\"https:\/\/t.me\/SuriyeArapHaberAjans?fbclid=IwAR0rDGegh1hMKrcsKlExfwqhMUKatvZin-03CJk3K9vefeQG863JcbePaUQ\">https:\/\/t.me\/SuriyeArapHaberAjans<\/a><\/p>\n<\/div>\n<div class=\"clear\"><\/div>\n<\/div>\n<\/article>\n<section id=\"check-also-box\" class=\"post-listing check-also-right\"><\/section>\n","protected":false},"excerpt":{"rendered":"<p>\u0130\u015eGAL ED\u0130LEN KUD\u00dcS \u2013 \u0130srail i\u015fgal g\u00fc\u00e7leri, Bat\u0131 Yaka\u2019n\u0131n farkl\u0131 b\u00f6lgelerinde 6 Filistinliyi tutuklad\u0131. Filistin Medyas\u0131, \u0130srail i\u015fgal g\u00fc\u00e7lerinin, i\u015fgal edilen kud\u00fcs\u2019teki \u015eafat ve El Aysaviye beldelerine ve Tulkar\u0131m\u2019daki Nur \u015eems kamp\u0131na bask\u0131n d\u00fczenledi\u011fini belirtirken, 6 Filistinliyi tutuklad\u0131\u011f\u0131na i\u015faret etti. #Telegram_Kanal\u0131m\u0131z:\u00a0https:\/\/t.me\/SuriyeArapHaberAjans<\/p>\n","protected":false},"author":36,"featured_media":256834,"comment_status":"closed","ping_status":"closed","sticky":false,"template":"","format":"standard","meta":{"footnotes":""},"categories":[458,459,17988],"tags":[],"class_list":["post-256833","post","type-post","status-publish","format-standard","has-post-thumbnail","","category-dunya1","category-haberler-arap-uluslararasi-politika","category-son-haberler"],"_links":{"self":[{"href":"https:\/\/archive.sana.sy\/tr\/index.php?rest_route=\/wp\/v2\/posts\/256833","targetHints":{"allow":["GET"]}}],"collection":[{"href":"https:\/\/archive.sana.sy\/tr\/index.php?rest_route=\/wp\/v2\/posts"}],"about":[{"href":"https:\/\/archive.sana.sy\/tr\/index.php?rest_route=\/wp\/v2\/types\/post"}],"author":[{"embeddable":true,"href":"https:\/\/archive.sana.sy\/tr\/index.php?rest_route=\/wp\/v2\/users\/36"}],"replies":[{"embeddable":true,"href":"https:\/\/archive.sana.sy\/tr\/index.php?rest_route=%2Fwp%2Fv2%2Fcomments&post=256833"}],"version-history":[{"count":0,"href":"https:\/\/archive.sana.sy\/tr\/index.php?rest_route=\/wp\/v2\/posts\/256833\/revisions"}],"wp:featuredmedia":[{"embeddable":true,"href":"https:\/\/archive.sana.sy\/tr\/index.php?rest_route=\/wp\/v2\/media\/256834"}],"wp:attachment":[{"href":"https:\/\/archive.sana.sy\/tr\/index.php?rest_route=%2Fwp%2Fv2%2Fmedia&parent=256833"}],"wp:term":[{"taxonomy":"category","embeddable":true,"href":"https:\/\/archive.sana.sy\/tr\/index.php?rest_route=%2Fwp%2Fv2%2Fcategories&post=256833"},{"taxonomy":"post_tag","embeddable":true,"href":"https:\/\/archive.sana.sy\/tr\/index.php?rest_route=%2Fwp%2Fv2%2Ftags&post=256833"}],"curies":[{"name":"wp","href":"https:\/\/api.w.org\/{rel}","templated":true}]}}