{"id":256836,"date":"2022-06-12T12:20:46","date_gmt":"2022-06-12T09:20:46","guid":{"rendered":"http:\/\/107.6.182.27\/tr\/?p=256836"},"modified":"2022-06-14T08:17:08","modified_gmt":"2022-06-14T05:17:08","slug":"lubnan-disisleri-bakanligi-israilin-suriyeye-saldirisi-teror-eylemidir","status":"publish","type":"post","link":"https:\/\/archive.sana.sy\/tr\/?p=256836","title":{"rendered":"L\u00fcbnan D\u0131\u015fi\u015fleri Bakanl\u0131\u011f\u0131: \u0130srail&#8217;in Suriye&#8217;ye Sald\u0131r\u0131s\u0131 Ter\u00f6r Eylemidir"},"content":{"rendered":"<p>BEYR\u00dcT \u2013 L\u00fcbnan D\u0131\u015fi\u015fleri ve Gurbet\u00e7iler Bakanl\u0131\u011f\u0131, bug\u00fcn \u0130srail&#8217;in \u015eam&#8217;\u0131n g\u00fcneyinde baz\u0131 noktalara d\u00fczenledi\u011fi sald\u0131r\u0131y\u0131 ter\u00f6r eylemi olarak nitelendirerek k\u0131nad\u0131.<\/p>\n<p>Bakanl\u0131ktan yap\u0131lan a\u00e7\u0131klamada, \u0130srail&#8217;in b\u00f6lge \u00fclkelerinin i\u00e7i\u015flerine y\u00f6nelik sald\u0131rganl\u0131\u011f\u0131n\u0131n ve m\u00fcdahaleci politikalar\u0131n\u0131n bir teyidi niteli\u011findeki tekrarlanan \u0130srail sald\u0131r\u0131lar\u0131na yan\u0131t olarak L\u00fcbnan&#8217;\u0131n Suriye&#8217;ye daimi deste\u011fini ifade edildi.<\/p>\n<p>L\u00fcbnan D\u0131\u015fi\u015fleri Bakanl\u0131\u011f\u0131, \u0130srail&#8217;in \u015eam Uluslararas\u0131 Havaliman\u0131&#8217;na y\u00f6nelik sald\u0131r\u0131s\u0131n\u0131 ve oradaki \u00e7al\u0131\u015fmalar\u0131n aksamas\u0131n\u0131 Suriye&#8217;deki hayati tesisleri hedef alan bir &#8220;ter\u00f6r eylemi&#8221; olarak nitelendirdi.<\/p>\n<article id=\"the-post\" class=\"post-listing post-256827 post type-post status-publish format-standard has-post-thumbnail category-dunya1 category-haber-seridi category-haberler-arap-uluslararasi-politika category-slayt\">\n<div class=\"post-inner\">\n<div class=\"entry\">\n<p><a href=\"https:\/\/www.facebook.com\/hashtag\/telegram_kanal%C4%B1m%C4%B1z?__eep__=6&amp;__cft__%5b0%5d=AZWkzXz_zG6dGOXcVo7NiRUhTjq2bP5CmEeI6PU7vEZCFSiiLwFzSiHclec8krCPWNBHM0LM5pkqXdC-n6sq0O9wcvJ-j1JSV1gdJpLOCnJnruy600przDfzstFB5nGx8ZWu8zsoQGw1FsiWUHhEiA_6u4v1KFg-GEobGOXKGb3CkA&amp;__tn__=*NK-R\">#Telegram_Kanal\u0131m\u0131z<\/a>:\u00a0<a href=\"https:\/\/t.me\/SuriyeArapHaberAjans?fbclid=IwAR0rDGegh1hMKrcsKlExfwqhMUKatvZin-03CJk3K9vefeQG863JcbePaUQ\">https:\/\/t.me\/SuriyeArapHaberAjans<\/a><\/p>\n<\/div>\n<div class=\"clear\"><\/div>\n<\/div>\n<\/article>\n<section id=\"check-also-box\" class=\"post-listing check-also-right\"><\/section>\n","protected":false},"excerpt":{"rendered":"<p>BEYR\u00dcT \u2013 L\u00fcbnan D\u0131\u015fi\u015fleri ve Gurbet\u00e7iler Bakanl\u0131\u011f\u0131, bug\u00fcn \u0130srail&#8217;in \u015eam&#8217;\u0131n g\u00fcneyinde baz\u0131 noktalara d\u00fczenledi\u011fi sald\u0131r\u0131y\u0131 ter\u00f6r eylemi olarak nitelendirerek k\u0131nad\u0131. Bakanl\u0131ktan yap\u0131lan a\u00e7\u0131klamada, \u0130srail&#8217;in b\u00f6lge \u00fclkelerinin i\u00e7i\u015flerine y\u00f6nelik sald\u0131rganl\u0131\u011f\u0131n\u0131n ve m\u00fcdahaleci politikalar\u0131n\u0131n bir teyidi niteli\u011findeki tekrarlanan \u0130srail sald\u0131r\u0131lar\u0131na yan\u0131t olarak L\u00fcbnan&#8217;\u0131n Suriye&#8217;ye daimi deste\u011fini ifade edildi. L\u00fcbnan D\u0131\u015fi\u015fleri Bakanl\u0131\u011f\u0131, \u0130srail&#8217;in \u015eam Uluslararas\u0131 Havaliman\u0131&#8217;na y\u00f6nelik sald\u0131r\u0131s\u0131n\u0131 &hellip;<\/p>\n","protected":false},"author":36,"featured_media":256837,"comment_status":"closed","ping_status":"closed","sticky":false,"template":"","format":"standard","meta":{"footnotes":""},"categories":[458,459,17988],"tags":[],"class_list":["post-256836","post","type-post","status-publish","format-standard","has-post-thumbnail","","category-dunya1","category-haberler-arap-uluslararasi-politika","category-son-haberler"],"_links":{"self":[{"href":"https:\/\/archive.sana.sy\/tr\/index.php?rest_route=\/wp\/v2\/posts\/256836","targetHints":{"allow":["GET"]}}],"collection":[{"href":"https:\/\/archive.sana.sy\/tr\/index.php?rest_route=\/wp\/v2\/posts"}],"about":[{"href":"https:\/\/archive.sana.sy\/tr\/index.php?rest_route=\/wp\/v2\/types\/post"}],"author":[{"embeddable":true,"href":"https:\/\/archive.sana.sy\/tr\/index.php?rest_route=\/wp\/v2\/users\/36"}],"replies":[{"embeddable":true,"href":"https:\/\/archive.sana.sy\/tr\/index.php?rest_route=%2Fwp%2Fv2%2Fcomments&post=256836"}],"version-history":[{"count":0,"href":"https:\/\/archive.sana.sy\/tr\/index.php?rest_route=\/wp\/v2\/posts\/256836\/revisions"}],"wp:featuredmedia":[{"embeddable":true,"href":"https:\/\/archive.sana.sy\/tr\/index.php?rest_route=\/wp\/v2\/media\/256837"}],"wp:attachment":[{"href":"https:\/\/archive.sana.sy\/tr\/index.php?rest_route=%2Fwp%2Fv2%2Fmedia&parent=256836"}],"wp:term":[{"taxonomy":"category","embeddable":true,"href":"https:\/\/archive.sana.sy\/tr\/index.php?rest_route=%2Fwp%2Fv2%2Fcategories&post=256836"},{"taxonomy":"post_tag","embeddable":true,"href":"https:\/\/archive.sana.sy\/tr\/index.php?rest_route=%2Fwp%2Fv2%2Ftags&post=256836"}],"curies":[{"name":"wp","href":"https:\/\/api.w.org\/{rel}","templated":true}]}}