{"id":256901,"date":"2022-06-13T13:42:21","date_gmt":"2022-06-13T10:42:21","guid":{"rendered":"http:\/\/107.6.182.27\/tr\/?p=256901"},"modified":"2022-06-14T08:17:39","modified_gmt":"2022-06-14T05:17:39","slug":"selemiye-kirsalinda-bir-mayin-patladi-bir-sivil-yaralandi","status":"publish","type":"post","link":"https:\/\/archive.sana.sy\/tr\/?p=256901","title":{"rendered":"Selemiye K\u0131rsal\u0131nda Bir May\u0131n Patlad\u0131, Bir Sivil Yaraland\u0131"},"content":{"rendered":"<p>HAMA \u2013 Selemiye k\u0131rsal\u0131n\u0131n do\u011fusunda yer alan El Suha k\u00f6y\u00fcnde, \u201cI\u015e\u0130D\u201d ter\u00f6r gruplar\u0131ndan kalan bir may\u0131n\u0131n patlamas\u0131 sonucunda bir sivili yaraland\u0131.<\/p>\n<p>SANA Muhabiri, Selemiye k\u0131rsal\u0131n\u0131n do\u011fusunda yer alan El Suha k\u00f6y\u00fcnde, \u201cI\u015e\u0130D\u201d ter\u00f6r gruplar\u0131ndan kalan bir may\u0131n\u0131n patlamas\u0131 sonucunda bir sivilin yaraland\u0131\u011f\u0131n\u0131 belirtirken, gerekli tedaviyi g\u00f6rmesi i\u00e7in Selemiye Ulusal Hastanesine kald\u0131r\u0131ld\u0131\u011f\u0131na i\u015faret etti.<\/p>\n<p><a href=\"https:\/\/www.facebook.com\/hashtag\/telegram_kanal%C4%B1m%C4%B1z?__eep__=6&amp;__cft__%5b0%5d=AZWkzXz_zG6dGOXcVo7NiRUhTjq2bP5CmEeI6PU7vEZCFSiiLwFzSiHclec8krCPWNBHM0LM5pkqXdC-n6sq0O9wcvJ-j1JSV1gdJpLOCnJnruy600przDfzstFB5nGx8ZWu8zsoQGw1FsiWUHhEiA_6u4v1KFg-GEobGOXKGb3CkA&amp;__tn__=*NK-R\">#Telegram_Kanal\u0131m\u0131z<\/a>:\u00a0<a href=\"https:\/\/t.me\/SuriyeArapHaberAjans?fbclid=IwAR0rDGegh1hMKrcsKlExfwqhMUKatvZin-03CJk3K9vefeQG863JcbePaUQ\">https:\/\/t.me\/SuriyeArapHaberAjans<\/a><\/p>\n","protected":false},"excerpt":{"rendered":"<p>HAMA \u2013 Selemiye k\u0131rsal\u0131n\u0131n do\u011fusunda yer alan El Suha k\u00f6y\u00fcnde, \u201cI\u015e\u0130D\u201d ter\u00f6r gruplar\u0131ndan kalan bir may\u0131n\u0131n patlamas\u0131 sonucunda bir sivili yaraland\u0131. SANA Muhabiri, Selemiye k\u0131rsal\u0131n\u0131n do\u011fusunda yer alan El Suha k\u00f6y\u00fcnde, \u201cI\u015e\u0130D\u201d ter\u00f6r gruplar\u0131ndan kalan bir may\u0131n\u0131n patlamas\u0131 sonucunda bir sivilin yaraland\u0131\u011f\u0131n\u0131 belirtirken, gerekli tedaviyi g\u00f6rmesi i\u00e7in Selemiye Ulusal Hastanesine kald\u0131r\u0131ld\u0131\u011f\u0131na i\u015faret etti. #Telegram_Kanal\u0131m\u0131z:\u00a0https:\/\/t.me\/SuriyeArapHaberAjans<\/p>\n","protected":false},"author":36,"featured_media":256902,"comment_status":"closed","ping_status":"closed","sticky":false,"template":"","format":"standard","meta":{"footnotes":""},"categories":[479,575,17988,478],"tags":[],"class_list":["post-256901","post","type-post","status-publish","format-standard","has-post-thumbnail","","category-haberler-yerel","category-olaylar-ve-gercekler","category-son-haberler","category-yerel"],"_links":{"self":[{"href":"https:\/\/archive.sana.sy\/tr\/index.php?rest_route=\/wp\/v2\/posts\/256901","targetHints":{"allow":["GET"]}}],"collection":[{"href":"https:\/\/archive.sana.sy\/tr\/index.php?rest_route=\/wp\/v2\/posts"}],"about":[{"href":"https:\/\/archive.sana.sy\/tr\/index.php?rest_route=\/wp\/v2\/types\/post"}],"author":[{"embeddable":true,"href":"https:\/\/archive.sana.sy\/tr\/index.php?rest_route=\/wp\/v2\/users\/36"}],"replies":[{"embeddable":true,"href":"https:\/\/archive.sana.sy\/tr\/index.php?rest_route=%2Fwp%2Fv2%2Fcomments&post=256901"}],"version-history":[{"count":0,"href":"https:\/\/archive.sana.sy\/tr\/index.php?rest_route=\/wp\/v2\/posts\/256901\/revisions"}],"wp:featuredmedia":[{"embeddable":true,"href":"https:\/\/archive.sana.sy\/tr\/index.php?rest_route=\/wp\/v2\/media\/256902"}],"wp:attachment":[{"href":"https:\/\/archive.sana.sy\/tr\/index.php?rest_route=%2Fwp%2Fv2%2Fmedia&parent=256901"}],"wp:term":[{"taxonomy":"category","embeddable":true,"href":"https:\/\/archive.sana.sy\/tr\/index.php?rest_route=%2Fwp%2Fv2%2Fcategories&post=256901"},{"taxonomy":"post_tag","embeddable":true,"href":"https:\/\/archive.sana.sy\/tr\/index.php?rest_route=%2Fwp%2Fv2%2Ftags&post=256901"}],"curies":[{"name":"wp","href":"https:\/\/api.w.org\/{rel}","templated":true}]}}