{"id":256944,"date":"2022-06-13T19:58:40","date_gmt":"2022-06-13T16:58:40","guid":{"rendered":"http:\/\/107.6.182.27\/tr\/?p=256944"},"modified":"2022-06-14T11:48:04","modified_gmt":"2022-06-14T08:48:04","slug":"halep-kirsalinda-teror-orgutlerince-kacirilan-5-rehine-kurtarildi","status":"publish","type":"post","link":"https:\/\/archive.sana.sy\/tr\/?p=256944","title":{"rendered":"Halep K\u0131rsal\u0131nda Ter\u00f6r \u00d6rg\u00fctlerince Ka\u00e7\u0131r\u0131lan 5 Rehine Kurtar\u0131ld\u0131"},"content":{"rendered":"<p style=\"text-align: justify;\">HALEP &#8211; Halep&#8217;in kuzeydo\u011fu k\u0131rsal\u0131ndaki El Bab b\u00f6lgesinde bug\u00fcn, ter\u00f6r \u00f6rg\u00fctleri taraf\u0131ndan rehin al\u0131nan 5 ki\u015fi kurtar\u0131ld\u0131.<\/p>\n<p style=\"text-align: justify;\">SANA muhabiri, kurtar\u0131lm\u0131\u015f ka\u00e7\u0131r\u0131lanlar\u0131n el Bab kentinin bat\u0131s\u0131ndaki Abu al Zindeyn ge\u00e7idine varad\u0131klar\u0131nda sa\u011fl\u0131k ekiplerinin b\u00f6lgelerine sevk edilemden \u00f6nce muayene yapt\u0131\u011f\u0131n\u0131 ve sa\u011fl\u0131k hizmeti verdi\u011fini bildirdi.<\/p>\n<p style=\"text-align: justify;\">Kurtar\u0131lanlardan baz\u0131lar\u0131, Suriye Arap Ordusuna ve ilgili makamlara, onlar\u0131 ter\u00f6rist gruplar\u0131n\u0131n ellerinden kurtarmak i\u00e7in g\u00f6sterdikleri \u00e7abalardan \u00f6t\u00fcr\u00fc te\u015fekk\u00fcrlerini ilettiler.<\/p>\n<p style=\"text-align: justify;\">Kurtar\u0131lanlar\u0131n aileleri, o\u011fullar\u0131yla bulu\u015fmaktan duyduklar\u0131 sevinci dile getirerek, ordunun ve ilgili t\u00fcm taraflar\u0131n ter\u00f6ristler taraf\u0131ndan ka\u00e7\u0131r\u0131lan ve g\u00f6zalt\u0131na al\u0131nanlar\u0131 geri d\u00f6nd\u00fcrme ve kurtarma \u00e7abalar\u0131na y\u00f6nelik mutlak g\u00fcvenlerini ifade ettiler.<\/p>\n<p style=\"text-align: justify;\">Ka\u00e7\u0131r\u0131lanlar\u0131n kurtar\u0131lmas\u0131 s\u00fcreci, Astana Anla\u015fmas\u0131 \u00e7er\u00e7evesinde ve Suriye devletinin ter\u00f6r \u00f6rg\u00fctleri taraf\u0131ndan \u00e7e\u015fitli yollarla ka\u00e7\u0131r\u0131lanlar\u0131n tamam\u0131n\u0131n kurtar\u0131larak ailelerine iade edilmesi y\u00f6n\u00fcndeki aral\u0131ks\u0131z \u00e7abalar\u0131 \u00e7er\u00e7evesinde ger\u00e7ekle\u015fti.<\/p>\n","protected":false},"excerpt":{"rendered":"<p>HALEP &#8211; Halep&#8217;in kuzeydo\u011fu k\u0131rsal\u0131ndaki El Bab b\u00f6lgesinde bug\u00fcn, ter\u00f6r \u00f6rg\u00fctleri taraf\u0131ndan rehin al\u0131nan 5 ki\u015fi kurtar\u0131ld\u0131. SANA muhabiri, kurtar\u0131lm\u0131\u015f ka\u00e7\u0131r\u0131lanlar\u0131n el Bab kentinin bat\u0131s\u0131ndaki Abu al Zindeyn ge\u00e7idine varad\u0131klar\u0131nda sa\u011fl\u0131k ekiplerinin b\u00f6lgelerine sevk edilemden \u00f6nce muayene yapt\u0131\u011f\u0131n\u0131 ve sa\u011fl\u0131k hizmeti verdi\u011fini bildirdi. Kurtar\u0131lanlardan baz\u0131lar\u0131, Suriye Arap Ordusuna ve ilgili makamlara, onlar\u0131 ter\u00f6rist gruplar\u0131n\u0131n ellerinden &hellip;<\/p>\n","protected":false},"author":1,"featured_media":256945,"comment_status":"closed","ping_status":"closed","sticky":false,"template":"","format":"standard","meta":{"footnotes":""},"categories":[479,17988,478],"tags":[],"class_list":["post-256944","post","type-post","status-publish","format-standard","has-post-thumbnail","","category-haberler-yerel","category-son-haberler","category-yerel"],"_links":{"self":[{"href":"https:\/\/archive.sana.sy\/tr\/index.php?rest_route=\/wp\/v2\/posts\/256944","targetHints":{"allow":["GET"]}}],"collection":[{"href":"https:\/\/archive.sana.sy\/tr\/index.php?rest_route=\/wp\/v2\/posts"}],"about":[{"href":"https:\/\/archive.sana.sy\/tr\/index.php?rest_route=\/wp\/v2\/types\/post"}],"author":[{"embeddable":true,"href":"https:\/\/archive.sana.sy\/tr\/index.php?rest_route=\/wp\/v2\/users\/1"}],"replies":[{"embeddable":true,"href":"https:\/\/archive.sana.sy\/tr\/index.php?rest_route=%2Fwp%2Fv2%2Fcomments&post=256944"}],"version-history":[{"count":0,"href":"https:\/\/archive.sana.sy\/tr\/index.php?rest_route=\/wp\/v2\/posts\/256944\/revisions"}],"wp:featuredmedia":[{"embeddable":true,"href":"https:\/\/archive.sana.sy\/tr\/index.php?rest_route=\/wp\/v2\/media\/256945"}],"wp:attachment":[{"href":"https:\/\/archive.sana.sy\/tr\/index.php?rest_route=%2Fwp%2Fv2%2Fmedia&parent=256944"}],"wp:term":[{"taxonomy":"category","embeddable":true,"href":"https:\/\/archive.sana.sy\/tr\/index.php?rest_route=%2Fwp%2Fv2%2Fcategories&post=256944"},{"taxonomy":"post_tag","embeddable":true,"href":"https:\/\/archive.sana.sy\/tr\/index.php?rest_route=%2Fwp%2Fv2%2Ftags&post=256944"}],"curies":[{"name":"wp","href":"https:\/\/api.w.org\/{rel}","templated":true}]}}