{"id":256947,"date":"2022-06-13T20:30:10","date_gmt":"2022-06-13T17:30:10","guid":{"rendered":"http:\/\/107.6.182.27\/tr\/?p=256947"},"modified":"2022-06-16T10:08:54","modified_gmt":"2022-06-16T07:08:54","slug":"halk-meclisiturk-rejiminin-guvenli-bolgesi-bolgesel-ve-uluslararasi-baris-ve-guveni-tehdit-ediyor","status":"publish","type":"post","link":"https:\/\/archive.sana.sy\/tr\/?p=256947","title":{"rendered":"Halk Meclisi:T\u00fcrk Rejiminin G\u00fcvenli B\u00f6lgesi B\u00f6lgesel Ve Uluslararas\u0131 Bar\u0131\u015f Ve G\u00fcveni Tehdit Ediyor"},"content":{"rendered":"<p style=\"text-align: justify;\">\u015eAM &#8211; Halk Meclisi, T\u00fcrk rejiminin &#8220;g\u00fcvenli b\u00f6lge&#8221; dedi\u011fi \u015feyi kurma plan\u0131n\u0131n daha fazla i\u015fgal ve bariz bir sald\u0131rganl\u0131k oldu\u011funu, b\u00f6lgede zorla yerinden edilme ve demografik de\u011fi\u015fim ba\u011flam\u0131nda geldi\u011fini belirterek, Suriye&#8217;nin i\u015fgal ve onun ter\u00f6rist ve paral\u0131 ara\u00e7lar\u0131 ile m\u00fccadele etmek i\u00e7in t\u00fcm y\u00f6ntemleri kullanma hakk\u0131n\u0131 vurgulad\u0131.<\/p>\n<p style=\"text-align: justify;\">Halk Meclisi SANA&#8217;n\u0131n bug\u00fcn bir kopyas\u0131n\u0131 ald\u0131\u011f\u0131 bir a\u00e7\u0131klamada: &#8220;T\u00fcrk rejimi ba\u015fkan\u0131n\u0131n, uluslararas\u0131 ve insanc\u0131l yasalara, t\u00fcz\u00fcklere ve normlara meydan okuyan ve ihlal eden a\u00e7\u0131klamalar\u0131n\u0131 s\u00fcrd\u00fcr\u00fcyor. Son olarak rejiminin, Suriye topraklar\u0131ndan yeni b\u00f6lgelerini i\u015fgal etme arzusuyla uluslararas\u0131 durumu istismar ederek, Suriye&#8217;nin kuzeyinde askeri hareketlenmelerinden bolca s\u00f6z etti\u011fini dile getirdi\u011fini&#8221; s\u00f6yledi.<\/p>\n<p style=\"text-align: justify;\">Halk Meclisi, &#8220;T\u00fcrk rejimi, bu i\u015fgal yoluyla, b\u00f6lgedeki n\u00fcfusun yeni bir yerinden edilme ve zorla tahliye s\u00fcrecini y\u00fcr\u00fctmek i\u00e7in &#8220;g\u00fcvenli b\u00f6lge&#8221; olarak adland\u0131rd\u0131\u011f\u0131 yan\u0131lsamalar\u0131 canland\u0131rmay\u0131 ve b\u00f6lgede demografik de\u011fi\u015fim getirmeyi, b\u00f6lgesel ve uluslararas\u0131 bar\u0131\u015f ve g\u00fcvenli\u011fi tehdit eden yeni bir ger\u00e7eklik yaratmay\u0131 ama\u00e7lad\u0131\u011f\u0131n\u0131&#8221; belirtti.<\/p>\n<p style=\"text-align: justify;\">Halk Meclisi, &#8220;Bilinen k\u00f6t\u00fc niyetli T\u00fcrk politikas\u0131n\u0131n, uluslararas\u0131 yasalar\u0131 ve t\u00fcz\u00fckleri ihlal eden ve Birle\u015fmi\u015f Milletler kararlar\u0131n\u0131n me\u015fruiyetini a\u00e7\u0131k\u00e7a ihlal eden ve \u00e7eli\u015fen, a\u015fa\u011f\u0131l\u0131k hedeflere ve kazan\u0131mlara ula\u015fmak i\u00e7in Uluslararas\u0131 \u00e7eli\u015fkiler ve etkile\u015fimler \u00fczerinde oynad\u0131\u011f\u0131 ve insani durumlar\u0131 istismar etti\u011finin bir s\u0131r omad\u0131\u011f\u0131n\u0131n kimsenin g\u00f6\u00fcznden ka\u00e7mad\u0131\u011f\u0131n\u0131&#8221; vurgulad\u0131.<\/p>\n<p style=\"text-align: justify;\">Halk Meclisi, olaylar\u0131n ger\u00e7ekli\u011finin, mekansal, b\u00f6lgesel ve uluslararas\u0131 ko\u015fullar\u0131n, Suriye topraklar\u0131nda bu i\u015fgalci askeri m\u00fcdahalenin ger\u00e7ekle\u015fmesinin me\u015fru olmad\u0131\u011f\u0131n\u0131, Suriye topraklar\u0131nda herhangi bir t\u0131rman\u0131\u015fa izin verilmemesi konusunda uluslararas\u0131 bir konsens\u00fcs bulundu\u011funu, uluslararas\u0131 toplumun daha \u00f6nce s\u00f6zde &#8220;g\u00fcvenli b\u00f6lge&#8221;yi reddetmesinin hala kaim oldu\u011funa dikkat \u00e7ekti.<\/p>\n<p style=\"text-align: justify;\">Halk Meclisi, Suriye devletinin egemenli\u011fini, karar\u0131n\u0131n ba\u011f\u0131ms\u0131zl\u0131\u011f\u0131n\u0131, topraklar\u0131n\u0131n ve halk\u0131n\u0131n birli\u011fi ve g\u00fcvenli\u011fini, kendisini ve halk\u0131n\u0131 ABD, T\u00fcrk ve \u0130srail i\u015fgalleriyle onlara ba\u011fl\u0131 ter\u00f6r \u00f6rg\u00fctlerine kar\u015f\u0131 savunmak i\u00e7in t\u00fcm me\u015fru siyasi ve askeri ara\u00e7lar\u0131 kullanma hakk\u0131n\u0131 vurgulad\u0131.<\/p>\n<p style=\"text-align: justify;\">Halk Meclisi beyan\u0131nda, T\u00fcrk rejiminin i\u015fgal ve bariz sald\u0131rganl\u0131\u011f\u0131n devam\u0131 say\u0131lan, emrinde faaliyet g\u00f6steren uluslararas\u0131 s\u0131n\u0131fland\u0131r\u0131lm\u0131\u015f ter\u00f6r \u00f6rg\u00fctlerine g\u00fcvenerek b\u00f6lgenin n\u00fcfusunu ve demografik de\u011fi\u015fimini zorla yerinden etme gibi s\u00f6zde &#8220;g\u00fcvenli b\u00f6lge&#8221; olu\u015fturulmas\u0131 \u00e7a\u011fr\u0131s\u0131n\u0131 ve bu yolla yapmay\u0131 planlad\u0131\u011f\u0131 a\u00e7\u0131k y\u00f6ntemleri ve yeni d\u00fczenlemelerini k\u0131nad\u0131.<\/p>\n<p style=\"text-align: justify;\">Halk Meclisi, T\u00fcrk rejiminin Astana ve So\u00e7i toplant\u0131lar\u0131nda al\u0131nan kararlara ili\u015fkin taahh\u00fctlerini uygulamadaki isteksizli\u011fi, manip\u00fclasyonu ve ka\u00e7\u0131nmas\u0131n\u0131 da k\u0131nad\u0131.<\/p>\n<p style=\"text-align: justify;\">Halk Meclisi, i\u015fgalci T\u00fcrk ordusu ve uluslararas\u0131 d\u00fczeyde ter\u00f6rist olarak s\u0131n\u0131fland\u0131r\u0131lan kiral\u0131klar\u0131 taraf\u0131ndan taraf\u0131ndan Suriye&#8217;nin kuzeyini bombalamalar\u0131n\u0131n, g\u00fcvenli ve savunmas\u0131z vatanda\u015flar\u0131n \u00f6ld\u00fcr\u00fclmesine, evlerinin ve m\u00fclklerinin tahrip edilmesine yol a\u00e7an s\u00f6z konusu sald\u0131rganl\u0131\u011f\u0131n\u0131 en sert dille k\u0131nad\u0131.<\/p>\n","protected":false},"excerpt":{"rendered":"<p>\u015eAM &#8211; Halk Meclisi, T\u00fcrk rejiminin &#8220;g\u00fcvenli b\u00f6lge&#8221; dedi\u011fi \u015feyi kurma plan\u0131n\u0131n daha fazla i\u015fgal ve bariz bir sald\u0131rganl\u0131k oldu\u011funu, b\u00f6lgede zorla yerinden edilme ve demografik de\u011fi\u015fim ba\u011flam\u0131nda geldi\u011fini belirterek, Suriye&#8217;nin i\u015fgal ve onun ter\u00f6rist ve paral\u0131 ara\u00e7lar\u0131 ile m\u00fccadele etmek i\u00e7in t\u00fcm y\u00f6ntemleri kullanma hakk\u0131n\u0131 vurgulad\u0131. Halk Meclisi SANA&#8217;n\u0131n bug\u00fcn bir kopyas\u0131n\u0131 ald\u0131\u011f\u0131 bir &hellip;<\/p>\n","protected":false},"author":1,"featured_media":256948,"comment_status":"closed","ping_status":"closed","sticky":false,"template":"","format":"standard","meta":{"footnotes":""},"categories":[479,17988,478],"tags":[],"class_list":["post-256947","post","type-post","status-publish","format-standard","has-post-thumbnail","","category-haberler-yerel","category-son-haberler","category-yerel"],"_links":{"self":[{"href":"https:\/\/archive.sana.sy\/tr\/index.php?rest_route=\/wp\/v2\/posts\/256947","targetHints":{"allow":["GET"]}}],"collection":[{"href":"https:\/\/archive.sana.sy\/tr\/index.php?rest_route=\/wp\/v2\/posts"}],"about":[{"href":"https:\/\/archive.sana.sy\/tr\/index.php?rest_route=\/wp\/v2\/types\/post"}],"author":[{"embeddable":true,"href":"https:\/\/archive.sana.sy\/tr\/index.php?rest_route=\/wp\/v2\/users\/1"}],"replies":[{"embeddable":true,"href":"https:\/\/archive.sana.sy\/tr\/index.php?rest_route=%2Fwp%2Fv2%2Fcomments&post=256947"}],"version-history":[{"count":0,"href":"https:\/\/archive.sana.sy\/tr\/index.php?rest_route=\/wp\/v2\/posts\/256947\/revisions"}],"wp:featuredmedia":[{"embeddable":true,"href":"https:\/\/archive.sana.sy\/tr\/index.php?rest_route=\/wp\/v2\/media\/256948"}],"wp:attachment":[{"href":"https:\/\/archive.sana.sy\/tr\/index.php?rest_route=%2Fwp%2Fv2%2Fmedia&parent=256947"}],"wp:term":[{"taxonomy":"category","embeddable":true,"href":"https:\/\/archive.sana.sy\/tr\/index.php?rest_route=%2Fwp%2Fv2%2Fcategories&post=256947"},{"taxonomy":"post_tag","embeddable":true,"href":"https:\/\/archive.sana.sy\/tr\/index.php?rest_route=%2Fwp%2Fv2%2Ftags&post=256947"}],"curies":[{"name":"wp","href":"https:\/\/api.w.org\/{rel}","templated":true}]}}