{"id":256950,"date":"2022-06-13T20:47:51","date_gmt":"2022-06-13T17:47:51","guid":{"rendered":"http:\/\/107.6.182.27\/tr\/?p=256950"},"modified":"2022-06-14T08:18:15","modified_gmt":"2022-06-14T05:18:15","slug":"el-hosn-kalesi-restorasyonunun-ilk-asamasi-tamamlandi","status":"publish","type":"post","link":"https:\/\/archive.sana.sy\/tr\/?p=256950","title":{"rendered":"El Hosn Kalesi Restorasyonunun \u0130lk A\u015famas\u0131 Tamamland\u0131"},"content":{"rendered":"<p style=\"text-align: justify;\">HOMS &#8211; Eski Eserler ve M\u00fczeler Genel M\u00fcd\u00fcrl\u00fc\u011f\u00fc, S\u00fcryani Patrikhanesi \u0130mar ve Antakya ile T\u00fcm Do\u011fu S\u00fcryani Ortodoks Patrikhanesi aras\u0131nda imzalanan anla\u015fma kapsam\u0131nda, El Zahir Baybars ve Kilise Kuleleriyle Osmanl\u0131 evini kapsayan El Hosn Kalesi restorasyonunun ilk etap \u00e7al\u0131\u015fmalar\u0131 tamamland\u0131.<\/p>\n<p style=\"text-align: justify;\">K\u00fclt\u00fcr Bakan\u0131 Dr. Lubana Mu\u015favvah, birinci a\u015faman\u0131n \u00e7al\u0131\u015fmalar\u0131n\u0131 inceledikten sonra gazetecilere verdi\u011fi deme\u00e7te, t\u00fcm bu deneyimlerin bu yerde bulu\u015fmas\u0131n\u0131n, bu mekana duyduklar\u0131 sevgiyi g\u00f6sterdi\u011fini, o heybetli kalenin ve iyi yat\u0131r\u0131m\u0131n\u0131n b\u00f6lgeye fayda sa\u011flayacak \u015fekilde optimal bir \u015fekilde yap\u0131ld\u0131\u011f\u0131n\u0131 belirterek, ilk restorasyon a\u015famas\u0131n\u0131n bitiminden sonra ikinci etab\u0131n da ba\u015flayaca\u011f\u0131n\u0131 ifade etti.<\/p>\n<p style=\"text-align: justify;\">Mu\u015favvah, kalenin tan\u0131k oldu\u011fu restorasyon projesinin, Eski Eserler ve M\u00fczeler Genel M\u00fcd\u00fcrl\u00fc\u011f\u00fc&#8217;n\u00fcn temsil etti\u011fi K\u00fclt\u00fcr Bakanl\u0131\u011f\u0131, S\u00fcryani Otoritesi Aziz Efram ve Antakya \u00dcniversitesi&#8217;nden \u00e7ok say\u0131da ara\u015ft\u0131rmac\u0131n\u0131n bir arkeolojik alan ve b\u00fcy\u00fck bir k\u00fclt\u00fcrel yap\u0131 olarak kaleyi dikkate alarak y\u00fcr\u00fctt\u00fc\u011f\u00fcn\u00fc belirtti.<\/p>\n<p style=\"text-align: justify;\">S\u00fcryani Ortodokslar\u0131 i\u00e7in Antakya ve T\u00fcm Do\u011fu Patri\u011fi, d\u00fcnyadaki S\u00fcryani Kilisesi&#8217;nin en y\u00fcksek ba\u015fkan\u0131 Mar Ignatius II. Efram, El Hosn Kalesinin tan\u0131k oldu\u011fu ortakl\u0131k durumunun varl\u0131\u011f\u0131n\u0131n ilk ad\u0131m\u0131 oldu\u011funa dikkat \u00e7ekerek, eski eserleri restore etmek ve hayata d\u00f6nd\u00fcrmek i\u00e7in, restorasyon ve rehabilitasyon i\u00e7in gerekli olan\u0131 sa\u011flayan Macar taraf\u0131n\u0131n kat\u0131l\u0131m\u0131yla eski eserler \u00fczerinde bir ara\u015ft\u0131rma yapmak i\u00e7in yetenekli Suriyeli kadrolar\u0131n bir araya gelmesiyle tamamland\u0131\u011f\u0131n\u0131 vugulad\u0131 ve: &#8220;Bug\u00fcn bu kaledeki varl\u0131\u011f\u0131m\u0131z miras\u0131m\u0131za tan\u0131kl\u0131k eden y\u00fczlerce tarihi arkeolojik alana sahip medeni bir halk oldu\u011fumuzu do\u011frulamaktad\u0131r&#8221; dedi.<\/p>\n<p style=\"text-align: justify;\">Eski Eserler ve M\u00fczeler Genel M\u00fcd\u00fcr\u00fc Muhammed Nezir Awad, Al Hosn Kalesi&#8217;nin D\u00fcnya Miras Listesi&#8217;ne kay\u0131tl\u0131 en \u00f6nemli Suriye an\u0131tlar\u0131ndan biri oldu\u011funu, Al Zaher Baybars Kulesi&#8217;nde ilk etap restorasyon \u00e7al\u0131\u015fmalar\u0131n\u0131n sona erdi\u011fini belirterek, M\u00fcd\u00fcrl\u00fc\u011f\u00fcn, Macar Misyonu ve S\u00fcryani Te\u015fkilat\u0131 Aziz Efram aras\u0131ndaki mevcut i\u015fbirli\u011finin restorasyonuna yol a\u00e7an \u00f6nemine i\u015faret etti.<\/p>\n<p style=\"text-align: justify;\">Al Hosn Kalesi M\u00fcd\u00fcr\u00fc M\u00fchendis Haz\u0131m Hanna, birinci etapta yap\u0131lan \u00e7al\u0131\u015fmalar\u0131n, Al Zahir Baybars kulesi ve \u00e7evresi ile bodrum kat\u0131n\u0131n restorasyonunu kapsad\u0131\u011f\u0131n\u0131, biti\u015fi\u011findeki merdivenlerin yan\u0131 s\u0131ra kulenin merdivenlerini izole etti\u011fini, bat\u0131 salonuna giri\u015fin, mevcut kemerlerin, Sultan Kalawun Kulesi&#8217;nin restore edilmesi ve kilisenin ah\u015fap kap\u0131 ve pencerelerinin kapat\u0131larak i\u00e7lerindeki \u00e7izimlerin nemden korunmas\u0131n\u0131n sa\u011fland\u0131\u011f\u0131n\u0131 s\u00f6yledi.<\/p>\n<p style=\"text-align: justify;\">Hanna, ilk etapta \u00e7at\u0131s\u0131n\u0131n yal\u0131t\u0131ld\u0131\u011f\u0131, demir kap\u0131 ve ah\u015fap pencerelerin yerle\u015ftirildi\u011fi Osmanl\u0131 evinide kapsad\u0131\u011f\u0131n\u0131 ve \u015fu anda Suriye-Macar misyonunun karargah\u0131 olarak kullan\u0131ld\u0131\u011f\u0131n\u0131, ikinci a\u015faman\u0131n ise kalenin kuzeyinde bulunan at ah\u0131r\u0131 duvar\u0131n\u0131n desteklenmesini i\u00e7erdi\u011fini s\u00f6yledi.<\/p>\n<p style=\"text-align: justify;\">Homs Valisi M\u00fch. Bessam Parsik, ziyaret\u00e7ilerin u\u011frak yeri olan d\u00fcnyan\u0131n en \u00f6nemli kalelerinden biri olan Al Hosn Kalesi&#8217;nin tan\u0131k oldu\u011fu restorasyon ve rehabilitasyon \u00e7al\u0131\u015fmalar\u0131n\u0131n ziyaret\u00e7i say\u0131s\u0131n\u0131n artmas\u0131na katk\u0131 sa\u011flayaca\u011f\u0131n\u0131 belirterek, kalenin ve turizm rol\u00fcn\u00fcn, \u00e7evredeki b\u00f6lge i\u00e7in bir turizm geli\u015ftirme dire\u011fi olarak insanlara yerel i\u015f f\u0131rsatlar\u0131 sa\u011flad\u0131\u011f\u0131n\u0131 vurgulad\u0131.<\/p>\n<p style=\"text-align: justify;\">Bilinece\u011fi \u00fczere Macar misyonu 2014 y\u0131l\u0131nda ter\u00f6ristlerden kurtar\u0131lmas\u0131 ard\u0131ndan 2017 y\u0131l\u0131nda El Hosn kalesinde \u00e7al\u0131\u015fmaya ba\u015flad\u0131.<\/p>\n","protected":false},"excerpt":{"rendered":"<p>HOMS &#8211; Eski Eserler ve M\u00fczeler Genel M\u00fcd\u00fcrl\u00fc\u011f\u00fc, S\u00fcryani Patrikhanesi \u0130mar ve Antakya ile T\u00fcm Do\u011fu S\u00fcryani Ortodoks Patrikhanesi aras\u0131nda imzalanan anla\u015fma kapsam\u0131nda, El Zahir Baybars ve Kilise Kuleleriyle Osmanl\u0131 evini kapsayan El Hosn Kalesi restorasyonunun ilk etap \u00e7al\u0131\u015fmalar\u0131 tamamland\u0131. K\u00fclt\u00fcr Bakan\u0131 Dr. Lubana Mu\u015favvah, birinci a\u015faman\u0131n \u00e7al\u0131\u015fmalar\u0131n\u0131 inceledikten sonra gazetecilere verdi\u011fi deme\u00e7te, t\u00fcm bu &hellip;<\/p>\n","protected":false},"author":1,"featured_media":256951,"comment_status":"closed","ping_status":"closed","sticky":false,"template":"","format":"standard","meta":{"footnotes":""},"categories":[516,511,17988],"tags":[],"class_list":["post-256950","post","type-post","status-publish","format-standard","has-post-thumbnail","","category-haberler-kultur-ve-sanat","category-kultur-ve-sanat","category-son-haberler"],"_links":{"self":[{"href":"https:\/\/archive.sana.sy\/tr\/index.php?rest_route=\/wp\/v2\/posts\/256950","targetHints":{"allow":["GET"]}}],"collection":[{"href":"https:\/\/archive.sana.sy\/tr\/index.php?rest_route=\/wp\/v2\/posts"}],"about":[{"href":"https:\/\/archive.sana.sy\/tr\/index.php?rest_route=\/wp\/v2\/types\/post"}],"author":[{"embeddable":true,"href":"https:\/\/archive.sana.sy\/tr\/index.php?rest_route=\/wp\/v2\/users\/1"}],"replies":[{"embeddable":true,"href":"https:\/\/archive.sana.sy\/tr\/index.php?rest_route=%2Fwp%2Fv2%2Fcomments&post=256950"}],"version-history":[{"count":0,"href":"https:\/\/archive.sana.sy\/tr\/index.php?rest_route=\/wp\/v2\/posts\/256950\/revisions"}],"wp:featuredmedia":[{"embeddable":true,"href":"https:\/\/archive.sana.sy\/tr\/index.php?rest_route=\/wp\/v2\/media\/256951"}],"wp:attachment":[{"href":"https:\/\/archive.sana.sy\/tr\/index.php?rest_route=%2Fwp%2Fv2%2Fmedia&parent=256950"}],"wp:term":[{"taxonomy":"category","embeddable":true,"href":"https:\/\/archive.sana.sy\/tr\/index.php?rest_route=%2Fwp%2Fv2%2Fcategories&post=256950"},{"taxonomy":"post_tag","embeddable":true,"href":"https:\/\/archive.sana.sy\/tr\/index.php?rest_route=%2Fwp%2Fv2%2Ftags&post=256950"}],"curies":[{"name":"wp","href":"https:\/\/api.w.org\/{rel}","templated":true}]}}