{"id":256959,"date":"2022-06-14T07:29:52","date_gmt":"2022-06-14T04:29:52","guid":{"rendered":"http:\/\/107.6.182.27\/tr\/?p=256959"},"modified":"2022-06-15T08:08:59","modified_gmt":"2022-06-15T05:08:59","slug":"amerikan-isgal-gucleri-haseke-kirsalina-yeni-bir-konvoy-gecirdi-10","status":"publish","type":"post","link":"https:\/\/archive.sana.sy\/tr\/?p=256959","title":{"rendered":"Amerikan \u0130\u015fgal G\u00fc\u00e7leri, Haseke K\u0131rsal\u0131na Yeni Bir Konvoy Ge\u00e7irdi"},"content":{"rendered":"<p>HASEKE \u2013 Amerikan i\u015fgal g\u00fc\u00e7leri, Haseke k\u0131rsal\u0131ndaki yasad\u0131\u015f\u0131 askeri \u00fcslerinde bulunan g\u00fc\u00e7lerini desteklemek i\u00e7in m\u00fchimmat, askeri te\u00e7hizat ve lojistik malzeme y\u00fckl\u00fc bir konvoyu getirdi.<\/p>\n<p>Yarubiye k\u0131rsal\u0131ndan yerel kaynaklar SANA muhabirine yapt\u0131\u011f\u0131 a\u00e7\u0131klamada, Amerikan i\u015fgaline ait askeri te\u00e7hizat ve m\u00fchimmat y\u00fckl\u00fc 55 ara\u00e7tan olu\u015fan bir konvoyun, i\u015fgalcilerin Haseke k\u0131rsal\u0131ndaki Yarubiye k\u0131rsal\u0131nda kuvvetleri i\u00e7in bir \u00fcs kurdu\u011fu Hrab El Cir Havaliman\u0131&#8217;na yasad\u0131\u015f\u0131 El Velid ge\u00e7idinden girdi\u011fini belirtti.<\/p>\n<p><span style=\"color: #0000ff;\">#Telegram_Kanal\u0131m\u0131z: https:\/\/t.me\/SuriyeArapHaberAjans<\/span><\/p>\n","protected":false},"excerpt":{"rendered":"<p>HASEKE \u2013 Amerikan i\u015fgal g\u00fc\u00e7leri, Haseke k\u0131rsal\u0131ndaki yasad\u0131\u015f\u0131 askeri \u00fcslerinde bulunan g\u00fc\u00e7lerini desteklemek i\u00e7in m\u00fchimmat, askeri te\u00e7hizat ve lojistik malzeme y\u00fckl\u00fc bir konvoyu getirdi. Yarubiye k\u0131rsal\u0131ndan yerel kaynaklar SANA muhabirine yapt\u0131\u011f\u0131 a\u00e7\u0131klamada, Amerikan i\u015fgaline ait askeri te\u00e7hizat ve m\u00fchimmat y\u00fckl\u00fc 55 ara\u00e7tan olu\u015fan bir konvoyun, i\u015fgalcilerin Haseke k\u0131rsal\u0131ndaki Yarubiye k\u0131rsal\u0131nda kuvvetleri i\u00e7in bir \u00fcs kurdu\u011fu &hellip;<\/p>\n","protected":false},"author":36,"featured_media":256960,"comment_status":"closed","ping_status":"closed","sticky":false,"template":"","format":"standard","meta":{"footnotes":""},"categories":[479,575,17988,478],"tags":[],"class_list":["post-256959","post","type-post","status-publish","format-standard","has-post-thumbnail","","category-haberler-yerel","category-olaylar-ve-gercekler","category-son-haberler","category-yerel"],"_links":{"self":[{"href":"https:\/\/archive.sana.sy\/tr\/index.php?rest_route=\/wp\/v2\/posts\/256959","targetHints":{"allow":["GET"]}}],"collection":[{"href":"https:\/\/archive.sana.sy\/tr\/index.php?rest_route=\/wp\/v2\/posts"}],"about":[{"href":"https:\/\/archive.sana.sy\/tr\/index.php?rest_route=\/wp\/v2\/types\/post"}],"author":[{"embeddable":true,"href":"https:\/\/archive.sana.sy\/tr\/index.php?rest_route=\/wp\/v2\/users\/36"}],"replies":[{"embeddable":true,"href":"https:\/\/archive.sana.sy\/tr\/index.php?rest_route=%2Fwp%2Fv2%2Fcomments&post=256959"}],"version-history":[{"count":0,"href":"https:\/\/archive.sana.sy\/tr\/index.php?rest_route=\/wp\/v2\/posts\/256959\/revisions"}],"wp:featuredmedia":[{"embeddable":true,"href":"https:\/\/archive.sana.sy\/tr\/index.php?rest_route=\/wp\/v2\/media\/256960"}],"wp:attachment":[{"href":"https:\/\/archive.sana.sy\/tr\/index.php?rest_route=%2Fwp%2Fv2%2Fmedia&parent=256959"}],"wp:term":[{"taxonomy":"category","embeddable":true,"href":"https:\/\/archive.sana.sy\/tr\/index.php?rest_route=%2Fwp%2Fv2%2Fcategories&post=256959"},{"taxonomy":"post_tag","embeddable":true,"href":"https:\/\/archive.sana.sy\/tr\/index.php?rest_route=%2Fwp%2Fv2%2Ftags&post=256959"}],"curies":[{"name":"wp","href":"https:\/\/api.w.org\/{rel}","templated":true}]}}