{"id":257018,"date":"2022-06-14T21:32:05","date_gmt":"2022-06-14T18:32:05","guid":{"rendered":"http:\/\/107.6.182.27\/tr\/?p=257018"},"modified":"2022-06-16T08:25:34","modified_gmt":"2022-06-16T05:25:34","slug":"suriye-arap-cumhuriyetinin-astana-formatindaki-18-uluslararasi-suriye-konferansi-toplantilarina-katilan-heyeti-nur-sultana-vardi","status":"publish","type":"post","link":"https:\/\/archive.sana.sy\/tr\/?p=257018","title":{"rendered":"Suriye Arap Cumhuriyeti&#8217;nin Astana Format\u0131ndaki 18. Uluslararas\u0131 Suriye Konferans\u0131 Toplant\u0131lar\u0131na Kat\u0131lan Heyeti Nur-Sultan&#8217;a Vard\u0131"},"content":{"rendered":"<p>NUR SULTAN \u2013 Astana format\u0131nda d\u00fczenlenen 18. Uluslararas\u0131 Suriye Konferans\u0131 toplant\u0131lar\u0131na kat\u0131lan Suriye Arap Cumhuriyeti heyeti, bu ak\u015fam D\u0131\u015fi\u015fleri ve Gurbet\u00e7iler Bakan Yard\u0131mc\u0131s\u0131 Dr. Ayman Susan ba\u015fkanl\u0131\u011f\u0131nda Kazakistan&#8217;\u0131n ba\u015fkenti Nur-Sultan&#8217;a ula\u015ft\u0131.<\/p>\n<p>Bu ay\u0131n dokuzunda, Kazakistan D\u0131\u015fi\u015fleri Bakanl\u0131\u011f\u0131, Suriye konulu \u201cAtana\u201d format\u0131ndaki bir sonraki toplant\u0131n\u0131n 15-16 Haziran 2022&#8217;de Nur-Sultan&#8217;da yap\u0131laca\u011f\u0131n\u0131 duyurmu\u015ftu.<\/p>\n","protected":false},"excerpt":{"rendered":"<p>NUR SULTAN \u2013 Astana format\u0131nda d\u00fczenlenen 18. Uluslararas\u0131 Suriye Konferans\u0131 toplant\u0131lar\u0131na kat\u0131lan Suriye Arap Cumhuriyeti heyeti, bu ak\u015fam D\u0131\u015fi\u015fleri ve Gurbet\u00e7iler Bakan Yard\u0131mc\u0131s\u0131 Dr. Ayman Susan ba\u015fkanl\u0131\u011f\u0131nda Kazakistan&#8217;\u0131n ba\u015fkenti Nur-Sultan&#8217;a ula\u015ft\u0131. Bu ay\u0131n dokuzunda, Kazakistan D\u0131\u015fi\u015fleri Bakanl\u0131\u011f\u0131, Suriye konulu \u201cAtana\u201d format\u0131ndaki bir sonraki toplant\u0131n\u0131n 15-16 Haziran 2022&#8217;de Nur-Sultan&#8217;da yap\u0131laca\u011f\u0131n\u0131 duyurmu\u015ftu.<\/p>\n","protected":false},"author":1,"featured_media":257019,"comment_status":"closed","ping_status":"closed","sticky":false,"template":"","format":"standard","meta":{"footnotes":""},"categories":[458,459,17988],"tags":[],"class_list":["post-257018","post","type-post","status-publish","format-standard","has-post-thumbnail","","category-dunya1","category-haberler-arap-uluslararasi-politika","category-son-haberler"],"_links":{"self":[{"href":"https:\/\/archive.sana.sy\/tr\/index.php?rest_route=\/wp\/v2\/posts\/257018","targetHints":{"allow":["GET"]}}],"collection":[{"href":"https:\/\/archive.sana.sy\/tr\/index.php?rest_route=\/wp\/v2\/posts"}],"about":[{"href":"https:\/\/archive.sana.sy\/tr\/index.php?rest_route=\/wp\/v2\/types\/post"}],"author":[{"embeddable":true,"href":"https:\/\/archive.sana.sy\/tr\/index.php?rest_route=\/wp\/v2\/users\/1"}],"replies":[{"embeddable":true,"href":"https:\/\/archive.sana.sy\/tr\/index.php?rest_route=%2Fwp%2Fv2%2Fcomments&post=257018"}],"version-history":[{"count":0,"href":"https:\/\/archive.sana.sy\/tr\/index.php?rest_route=\/wp\/v2\/posts\/257018\/revisions"}],"wp:featuredmedia":[{"embeddable":true,"href":"https:\/\/archive.sana.sy\/tr\/index.php?rest_route=\/wp\/v2\/media\/257019"}],"wp:attachment":[{"href":"https:\/\/archive.sana.sy\/tr\/index.php?rest_route=%2Fwp%2Fv2%2Fmedia&parent=257018"}],"wp:term":[{"taxonomy":"category","embeddable":true,"href":"https:\/\/archive.sana.sy\/tr\/index.php?rest_route=%2Fwp%2Fv2%2Fcategories&post=257018"},{"taxonomy":"post_tag","embeddable":true,"href":"https:\/\/archive.sana.sy\/tr\/index.php?rest_route=%2Fwp%2Fv2%2Ftags&post=257018"}],"curies":[{"name":"wp","href":"https:\/\/api.w.org\/{rel}","templated":true}]}}