{"id":257022,"date":"2022-06-14T21:34:00","date_gmt":"2022-06-14T18:34:00","guid":{"rendered":"http:\/\/107.6.182.27\/tr\/?p=257022"},"modified":"2022-06-16T08:25:41","modified_gmt":"2022-06-16T05:25:41","slug":"mikdad-sablin-ile-suriye-ve-rusya-arasindaki-her-duzeyde-isbirligi-mekanizmalarini-gorustu","status":"publish","type":"post","link":"https:\/\/archive.sana.sy\/tr\/?p=257022","title":{"rendered":"Mikdad, Sablin ile Suriye ve Rusya Aras\u0131ndaki Her D\u00fczeyde \u0130\u015fbirli\u011fi Mekanizmalar\u0131n\u0131 G\u00f6r\u00fc\u015ft\u00fc"},"content":{"rendered":"<p style=\"text-align: justify;\">\u015eAM \u2013 D\u0131\u015fi\u015fleri ve Gurbet\u00e7iler Bakan\u0131 Feysal el Mikdad, Suriye-Rusya Parlamentosu Dostluk Komitesi&#8217;ndeki Rus taraf\u0131n\u0131n ba\u015fkan\u0131 Dmitri Sablin, Donetsk D\u0131\u015fi\u015fleri Bakan\u0131 Natalya Nikonorova ve K\u00fclt\u00fcr Bakan\u0131 Mihail Zeltyakov ile g\u00f6r\u00fc\u015fmede bulundu.<\/p>\n<p style=\"text-align: justify;\">Bakan el Mikdad, iki \u00fclke liderlerinin kendilerine olan inanc\u0131 ve Suriye&#8217;nin Rusya Federasyonu&#8217;nun \u00f6zellikle uluslararas\u0131 meseleleri ele al\u0131rkenki itibar\u0131na ili\u015fkin pozisyonlar\u0131na verdi\u011fi destek sayesinde Suriye-Rusya ili\u015fkilerinin s\u00fcrekli olarak g\u00fc\u00e7lendi\u011fini vurgulad\u0131.<\/p>\n<p style=\"text-align: justify;\">El Mikdad, Bat\u0131&#8217;n\u0131n Suriye&#8217;deki ter\u00f6rizme silah ve milyarlarca dolar deste\u011finin, bug\u00fcn Ukrayna&#8217;daki Nazilere verdi\u011fi deste\u011fin devam\u0131 oldu\u011funu ve onlara Donbass halk\u0131n\u0131n \u00f6zg\u00fcrl\u00fc\u011f\u00fcn\u00fc ve g\u00fcvenli\u011fini savunan Rus pozisyonuna kar\u015f\u0131 koymalar\u0131 i\u00e7in silah ve para sa\u011flad\u0131\u011f\u0131n\u0131 belirtti.<\/p>\n<p style=\"text-align: justify;\">Sablin ise iki \u00fclke ile Rus ve Suriye halklar\u0131 aras\u0131ndaki ili\u015fkilerin derinli\u011fini dile getirerek, iki dost \u00fclke aras\u0131ndaki ekonomik ve parlamenter ili\u015fkilerin geli\u015fmesini s\u0131n\u0131rlayan t\u00fcm zorluklar\u0131n \u00fcstesinden gelmek i\u00e7in Rusya-Suriye Parlamento Dostluk Komitesi i\u00e7inde s\u00fcrekli \u00e7al\u0131\u015fman\u0131n gereklili\u011fini vurgulad\u0131.<\/p>\n<p style=\"text-align: justify;\">Sablin, Rusya&#8217;n\u0131n Ukrayna&#8217;daki askeri operasyonunun temel amac\u0131n\u0131n, neo-Naziler taraf\u0131ndan maruz kald\u0131klar\u0131 soyk\u0131r\u0131msal sava\u015f nedeniyle Donbass b\u00f6lgesindeki insanlar\u0131 korumak oldu\u011funa dikkat \u00e7ekti.<\/p>\n<p style=\"text-align: justify;\">Donetsk D\u0131\u015fi\u015fleri Bakan\u0131 Natalia Nikonorova da \u00fclkesine y\u00f6nelik sava\u015f\u0131n gidi\u015fat\u0131 ve Donetsk halk\u0131n\u0131n Nazi gruplar\u0131n\u0131n uygulamalar\u0131 ve imha sava\u015f\u0131ndan neler \u00e7ekti\u011fine dair bir sunum yapt\u0131.<\/p>\n<p style=\"text-align: justify;\">Taraflar ayr\u0131ca, iki dost \u00fclkenin halklar\u0131n\u0131n \u00e7\u0131karlar\u0131na ula\u015fmak i\u00e7in \u00e7e\u015fitli d\u00fczeylerde \u00e7ok tarafl\u0131 i\u015fbirli\u011fi olanaklar\u0131n\u0131 da g\u00f6r\u00fc\u015ft\u00fcler.<\/p>\n<p style=\"text-align: justify;\">P.M.<\/p>\n","protected":false},"excerpt":{"rendered":"<p>\u015eAM \u2013 D\u0131\u015fi\u015fleri ve Gurbet\u00e7iler Bakan\u0131 Feysal el Mikdad, Suriye-Rusya Parlamentosu Dostluk Komitesi&#8217;ndeki Rus taraf\u0131n\u0131n ba\u015fkan\u0131 Dmitri Sablin, Donetsk D\u0131\u015fi\u015fleri Bakan\u0131 Natalya Nikonorova ve K\u00fclt\u00fcr Bakan\u0131 Mihail Zeltyakov ile g\u00f6r\u00fc\u015fmede bulundu. Bakan el Mikdad, iki \u00fclke liderlerinin kendilerine olan inanc\u0131 ve Suriye&#8217;nin Rusya Federasyonu&#8217;nun \u00f6zellikle uluslararas\u0131 meseleleri ele al\u0131rkenki itibar\u0131na ili\u015fkin pozisyonlar\u0131na verdi\u011fi destek sayesinde &hellip;<\/p>\n","protected":false},"author":1,"featured_media":257024,"comment_status":"closed","ping_status":"closed","sticky":false,"template":"","format":"standard","meta":{"footnotes":""},"categories":[479,17988,478],"tags":[],"class_list":["post-257022","post","type-post","status-publish","format-standard","has-post-thumbnail","","category-haberler-yerel","category-son-haberler","category-yerel"],"_links":{"self":[{"href":"https:\/\/archive.sana.sy\/tr\/index.php?rest_route=\/wp\/v2\/posts\/257022","targetHints":{"allow":["GET"]}}],"collection":[{"href":"https:\/\/archive.sana.sy\/tr\/index.php?rest_route=\/wp\/v2\/posts"}],"about":[{"href":"https:\/\/archive.sana.sy\/tr\/index.php?rest_route=\/wp\/v2\/types\/post"}],"author":[{"embeddable":true,"href":"https:\/\/archive.sana.sy\/tr\/index.php?rest_route=\/wp\/v2\/users\/1"}],"replies":[{"embeddable":true,"href":"https:\/\/archive.sana.sy\/tr\/index.php?rest_route=%2Fwp%2Fv2%2Fcomments&post=257022"}],"version-history":[{"count":0,"href":"https:\/\/archive.sana.sy\/tr\/index.php?rest_route=\/wp\/v2\/posts\/257022\/revisions"}],"wp:featuredmedia":[{"embeddable":true,"href":"https:\/\/archive.sana.sy\/tr\/index.php?rest_route=\/wp\/v2\/media\/257024"}],"wp:attachment":[{"href":"https:\/\/archive.sana.sy\/tr\/index.php?rest_route=%2Fwp%2Fv2%2Fmedia&parent=257022"}],"wp:term":[{"taxonomy":"category","embeddable":true,"href":"https:\/\/archive.sana.sy\/tr\/index.php?rest_route=%2Fwp%2Fv2%2Fcategories&post=257022"},{"taxonomy":"post_tag","embeddable":true,"href":"https:\/\/archive.sana.sy\/tr\/index.php?rest_route=%2Fwp%2Fv2%2Ftags&post=257022"}],"curies":[{"name":"wp","href":"https:\/\/api.w.org\/{rel}","templated":true}]}}