{"id":257023,"date":"2022-06-14T21:35:41","date_gmt":"2022-06-14T18:35:41","guid":{"rendered":"http:\/\/107.6.182.27\/tr\/?p=257023"},"modified":"2022-06-15T12:26:02","modified_gmt":"2022-06-15T09:26:02","slug":"suriye-rusya-kulturel-iliskileri-gelistirme-umutlari-uzerine-gorusmelerde-bulundu","status":"publish","type":"post","link":"https:\/\/archive.sana.sy\/tr\/?p=257023","title":{"rendered":"Suriye-Rusya K\u00fclt\u00fcrel \u0130li\u015fkileri Geli\u015ftirme Umutlar\u0131 \u00dczerine G\u00f6r\u00fc\u015fmelerde Bulundu"},"content":{"rendered":"<p>\u015eAM \u2013 K\u00fclt\u00fcr Bakan\u0131 Lubana Ma\u015f\u015fuh bug\u00fcn, Rusya Federasyonu Cumhurba\u015fkanl\u0131\u011f\u0131 Ba\u015fkan Yard\u0131mc\u0131s\u0131 Lakina Olga Yuryevna ba\u015fkanl\u0131\u011f\u0131ndaki Rusya Federasyonu&#8217;ndan bir heyetle, k\u00fclt\u00fcrel ili\u015fkiler ve iki dost \u00fclke aras\u0131ndaki geli\u015fme umutlar\u0131n\u0131 g\u00f6r\u00fc\u015ft\u00fc.<\/p>\n<p>Bakan Ma\u015f\u015fuh, Suriyeli \u00e7ocuklar\u0131n \u00f6zellikle maruz kald\u0131klar\u0131 sava\u015ftan sonra psikolojik olarak desteklenmesinin, m\u00fczik ve folklor dahil t\u00fcm k\u00fclt\u00fcrel alanlarda deneyim al\u0131\u015fveri\u015finde bulunulmas\u0131n\u0131n \u00f6nemini vurgulad\u0131.<\/p>\n<p>K\u00fclt\u00fcr Bakan\u0131 ayr\u0131ca, Palmyra&#8217;daki Arc de Triomphe&#8217;nin restorasyonunun ilk etab\u0131n\u0131n tamamland\u0131\u011f\u0131n\u0131, bug\u00fcn ise teknik zorlukla karakterize edilen ikinci etab\u0131n \u00fczerinde \u00e7al\u0131\u015f\u0131lmakta oldu\u011funu belirtti.<\/p>\n<p>\u00d6te yandan Buna kar\u015f\u0131l\u0131k, Rusya Federasyonu Cumhurba\u015fkanl\u0131\u011f\u0131 Ba\u015fkan Yard\u0131mc\u0131s\u0131, \u00fclkesinin gen\u00e7 nesillere hizmet eden iki dost \u00fclke aras\u0131nda e\u011fitici k\u00fclt\u00fcrel program\u0131 geli\u015ftirme \u00e7abalar\u0131n\u0131 belirtti.<\/p>\n<p>Yuryevna, \u015eam&#8217;daki Rus K\u00fclt\u00fcr Merkezi&#8217;nde Rusya cumhurba\u015fkanl\u0131\u011f\u0131 k\u00fct\u00fcphanesinin bug\u00fcn Suriye&#8217;deki Rus k\u00fclt\u00fcr\u00fcne a\u00e7\u0131lan bir kap\u0131 olmas\u0131 i\u00e7in bir site ve sat\u0131\u015f noktas\u0131n\u0131n a\u00e7\u0131ld\u0131\u011f\u0131n\u0131 da duyurdu.<\/p>\n<p>Bakan Ma\u015f\u015fuh, \u015eam&#8217;daki K\u00fclt\u00fcr Bakanl\u0131\u011f\u0131 binas\u0131na yapt\u0131\u011f\u0131 ziyaretin sonunda, Rus heyetinin bir grup \u00fcyesini onurland\u0131rd\u0131.<\/p>\n","protected":false},"excerpt":{"rendered":"<p>\u015eAM \u2013 K\u00fclt\u00fcr Bakan\u0131 Lubana Ma\u015f\u015fuh bug\u00fcn, Rusya Federasyonu Cumhurba\u015fkanl\u0131\u011f\u0131 Ba\u015fkan Yard\u0131mc\u0131s\u0131 Lakina Olga Yuryevna ba\u015fkanl\u0131\u011f\u0131ndaki Rusya Federasyonu&#8217;ndan bir heyetle, k\u00fclt\u00fcrel ili\u015fkiler ve iki dost \u00fclke aras\u0131ndaki geli\u015fme umutlar\u0131n\u0131 g\u00f6r\u00fc\u015ft\u00fc. Bakan Ma\u015f\u015fuh, Suriyeli \u00e7ocuklar\u0131n \u00f6zellikle maruz kald\u0131klar\u0131 sava\u015ftan sonra psikolojik olarak desteklenmesinin, m\u00fczik ve folklor dahil t\u00fcm k\u00fclt\u00fcrel alanlarda deneyim al\u0131\u015fveri\u015finde bulunulmas\u0131n\u0131n \u00f6nemini vurgulad\u0131. K\u00fclt\u00fcr &hellip;<\/p>\n","protected":false},"author":1,"featured_media":257028,"comment_status":"closed","ping_status":"closed","sticky":false,"template":"","format":"standard","meta":{"footnotes":""},"categories":[479,516,511,17988,478],"tags":[],"class_list":["post-257023","post","type-post","status-publish","format-standard","has-post-thumbnail","","category-haberler-yerel","category-haberler-kultur-ve-sanat","category-kultur-ve-sanat","category-son-haberler","category-yerel"],"_links":{"self":[{"href":"https:\/\/archive.sana.sy\/tr\/index.php?rest_route=\/wp\/v2\/posts\/257023","targetHints":{"allow":["GET"]}}],"collection":[{"href":"https:\/\/archive.sana.sy\/tr\/index.php?rest_route=\/wp\/v2\/posts"}],"about":[{"href":"https:\/\/archive.sana.sy\/tr\/index.php?rest_route=\/wp\/v2\/types\/post"}],"author":[{"embeddable":true,"href":"https:\/\/archive.sana.sy\/tr\/index.php?rest_route=\/wp\/v2\/users\/1"}],"replies":[{"embeddable":true,"href":"https:\/\/archive.sana.sy\/tr\/index.php?rest_route=%2Fwp%2Fv2%2Fcomments&post=257023"}],"version-history":[{"count":0,"href":"https:\/\/archive.sana.sy\/tr\/index.php?rest_route=\/wp\/v2\/posts\/257023\/revisions"}],"wp:featuredmedia":[{"embeddable":true,"href":"https:\/\/archive.sana.sy\/tr\/index.php?rest_route=\/wp\/v2\/media\/257028"}],"wp:attachment":[{"href":"https:\/\/archive.sana.sy\/tr\/index.php?rest_route=%2Fwp%2Fv2%2Fmedia&parent=257023"}],"wp:term":[{"taxonomy":"category","embeddable":true,"href":"https:\/\/archive.sana.sy\/tr\/index.php?rest_route=%2Fwp%2Fv2%2Fcategories&post=257023"},{"taxonomy":"post_tag","embeddable":true,"href":"https:\/\/archive.sana.sy\/tr\/index.php?rest_route=%2Fwp%2Fv2%2Ftags&post=257023"}],"curies":[{"name":"wp","href":"https:\/\/api.w.org\/{rel}","templated":true}]}}