{"id":257026,"date":"2022-06-14T21:36:42","date_gmt":"2022-06-14T18:36:42","guid":{"rendered":"http:\/\/107.6.182.27\/tr\/?p=257026"},"modified":"2022-06-16T10:43:27","modified_gmt":"2022-06-16T07:43:27","slug":"sam-bab-sarkide-rus-dil-merkezinin-acilisi-yapildi","status":"publish","type":"post","link":"https:\/\/archive.sana.sy\/tr\/?p=257026","title":{"rendered":"\u015eam Bab \u015earki&#8217;de Rus Dili Merkezinin A\u00e7\u0131l\u0131\u015f\u0131 Yap\u0131ld\u0131"},"content":{"rendered":"<p style=\"text-align: justify;\">\u015eAM \u2013 E\u011fitim Bakan\u0131 Darem Tabbaa, Rusya E\u011fitim Bakanl\u0131\u011f\u0131 Uluslararas\u0131 \u0130\u015fbirli\u011fi ve Planlama Direkt\u00f6r\u00fc Statora Ndtigta Sergeevina ve beraberindeki heyet ile \u00f6zellikle mesleki e\u011fitim alanda ili\u015fkilerini geli\u015ftirmenin ve deneyim al\u0131\u015fveri\u015finde bulunman\u0131n yollar\u0131n\u0131 g\u00f6r\u00fc\u015ft\u00fc.<\/p>\n<p style=\"text-align: justify;\">Tabbaa, Bakanl\u0131\u011f\u0131n \u015eam&#8217;daki binas\u0131nda ger\u00e7ekle\u015ftirilen toplant\u0131da, Rusya E\u011fitim Bakanl\u0131\u011f\u0131&#8217;n\u0131n e\u011fitim ili\u015fkilerinin g\u00fc\u00e7lendirilmesi, \u00f6zellikle Rus dilinin \u00f6\u011fretimi ve \u00f6\u011fretim eleman\u0131 kapasitesinin geli\u015ftirilmesi alan\u0131ndaki rol\u00fcne de\u011findi.<\/p>\n<p style=\"text-align: justify;\">Buna kar\u015f\u0131l\u0131k Sergeevina, Rusya E\u011fitim Bakanl\u0131\u011f\u0131&#8217;n\u0131n Suriyeli \u00f6\u011frencilere ve onlara Rus dili \u00f6\u011fretme ilgisini teyit ederek mevcut \u00fc\u00e7 merkez yan\u0131 s\u0131ra Rusya E\u011fitim Bakanl\u0131\u011f\u0131&#8217;n\u0131n \u015fu anda \u00fc\u00e7 merkez daha olu\u015fturmaya \u00e7al\u0131\u015ft\u0131\u011f\u0131na dikkati \u00e7ekti.<\/p>\n<p style=\"text-align: justify;\">Bu \u00e7er\u00e7evede E\u011fitim Bakan\u0131 bu ak\u015fam \u015eam, Bab \u015earki&#8217;deki el Risale Ortaokulunda Rus dilini \u00f6\u011fretmek i\u00e7in bir merkezin a\u00e7\u0131l\u0131\u015f\u0131n\u0131 yapt\u0131.<\/p>\n<p style=\"text-align: justify;\">Tabbaa yapt\u0131\u011f\u0131 bas\u0131n a\u00e7\u0131klamas\u0131nda, Suriye&#8217;de t\u00fcr\u00fcn\u00fcn d\u00f6rd\u00fcnc\u00fcs\u00fc olan merkezin a\u00e7\u0131lmas\u0131n\u0131n \u00f6nemine vurgu yaparak, e\u011fitim tart\u0131\u015fmalar\u0131n\u0131n \u00fc\u00e7 g\u00fcn s\u00fcrece\u011fini ve \u00e7e\u015fitli alanlar\u0131 kapsayaca\u011f\u0131na i\u015faret etti.<\/p>\n<p style=\"text-align: justify;\">\u015eam Ermeni Ortodoks Ba\u015fpiskoposlu\u011fu Metropoliti Armach Nalbandyan ise, \u00f6zellikle Rus halk\u0131n\u0131n k\u00fclt\u00fcr\u00fcn\u00fc ve tarihini yans\u0131tan Rus\u00e7a dili \u00f6\u011fretim merkezlerinin a\u00e7\u0131lmas\u0131 yoluyla e\u011fitim alan\u0131nda Rus uzmanl\u0131\u011f\u0131ndan yararlanman\u0131n \u00f6nemine dikkat \u00e7ekti.<\/p>\n<p style=\"text-align: justify;\">P.M.<\/p>\n<p>&nbsp;<\/p>\n","protected":false},"excerpt":{"rendered":"<p>\u015eAM \u2013 E\u011fitim Bakan\u0131 Darem Tabbaa, Rusya E\u011fitim Bakanl\u0131\u011f\u0131 Uluslararas\u0131 \u0130\u015fbirli\u011fi ve Planlama Direkt\u00f6r\u00fc Statora Ndtigta Sergeevina ve beraberindeki heyet ile \u00f6zellikle mesleki e\u011fitim alanda ili\u015fkilerini geli\u015ftirmenin ve deneyim al\u0131\u015fveri\u015finde bulunman\u0131n yollar\u0131n\u0131 g\u00f6r\u00fc\u015ft\u00fc. Tabbaa, Bakanl\u0131\u011f\u0131n \u015eam&#8217;daki binas\u0131nda ger\u00e7ekle\u015ftirilen toplant\u0131da, Rusya E\u011fitim Bakanl\u0131\u011f\u0131&#8217;n\u0131n e\u011fitim ili\u015fkilerinin g\u00fc\u00e7lendirilmesi, \u00f6zellikle Rus dilinin \u00f6\u011fretimi ve \u00f6\u011fretim eleman\u0131 kapasitesinin geli\u015ftirilmesi alan\u0131ndaki &hellip;<\/p>\n","protected":false},"author":1,"featured_media":257027,"comment_status":"closed","ping_status":"closed","sticky":false,"template":"","format":"standard","meta":{"footnotes":""},"categories":[479,511,17988,478],"tags":[],"class_list":["post-257026","post","type-post","status-publish","format-standard","has-post-thumbnail","","category-haberler-yerel","category-kultur-ve-sanat","category-son-haberler","category-yerel"],"_links":{"self":[{"href":"https:\/\/archive.sana.sy\/tr\/index.php?rest_route=\/wp\/v2\/posts\/257026","targetHints":{"allow":["GET"]}}],"collection":[{"href":"https:\/\/archive.sana.sy\/tr\/index.php?rest_route=\/wp\/v2\/posts"}],"about":[{"href":"https:\/\/archive.sana.sy\/tr\/index.php?rest_route=\/wp\/v2\/types\/post"}],"author":[{"embeddable":true,"href":"https:\/\/archive.sana.sy\/tr\/index.php?rest_route=\/wp\/v2\/users\/1"}],"replies":[{"embeddable":true,"href":"https:\/\/archive.sana.sy\/tr\/index.php?rest_route=%2Fwp%2Fv2%2Fcomments&post=257026"}],"version-history":[{"count":0,"href":"https:\/\/archive.sana.sy\/tr\/index.php?rest_route=\/wp\/v2\/posts\/257026\/revisions"}],"wp:featuredmedia":[{"embeddable":true,"href":"https:\/\/archive.sana.sy\/tr\/index.php?rest_route=\/wp\/v2\/media\/257027"}],"wp:attachment":[{"href":"https:\/\/archive.sana.sy\/tr\/index.php?rest_route=%2Fwp%2Fv2%2Fmedia&parent=257026"}],"wp:term":[{"taxonomy":"category","embeddable":true,"href":"https:\/\/archive.sana.sy\/tr\/index.php?rest_route=%2Fwp%2Fv2%2Fcategories&post=257026"},{"taxonomy":"post_tag","embeddable":true,"href":"https:\/\/archive.sana.sy\/tr\/index.php?rest_route=%2Fwp%2Fv2%2Ftags&post=257026"}],"curies":[{"name":"wp","href":"https:\/\/api.w.org\/{rel}","templated":true}]}}