{"id":257113,"date":"2022-06-16T08:38:03","date_gmt":"2022-06-16T05:38:03","guid":{"rendered":"http:\/\/107.6.182.27\/tr\/?p=257113"},"modified":"2022-06-17T09:00:03","modified_gmt":"2022-06-17T06:00:03","slug":"israil-isgal-gucleri-bati-yakada-11-filistinliyi-tutukladi-3","status":"publish","type":"post","link":"https:\/\/archive.sana.sy\/tr\/?p=257113","title":{"rendered":"\u0130srail \u0130\u015fgal G\u00fc\u00e7leri, Bat\u0131 Yaka\u2019da 11 Filistinliyi Tutuklad\u0131"},"content":{"rendered":"<p>\u0130\u015eGAL ED\u0130LEN KUD\u00dcS \u2013 \u0130srail i\u015fgal g\u00fc\u00e7leri, Bat\u0131 Yaka\u2019da 11 Filistinliyi tutuklad\u0131.<\/p>\n<p>Filistinli WAFA Haber Ajans\u0131, \u0130srail i\u015fgal g\u00fc\u00e7lerinin, i\u015fgal edilen Kud\u00fcs, Tulkarm ve El Halil kentlerinde birka\u00e7 mahalleye, Beyt Lahm\u2019daki Ayda kmp\u0131na ve Kalkila\u2019daki Kafar Kadum beldesine bask\u0131n d\u00fczenledi\u011fini belirtirken, 11 Filistinliyi tutuklad\u0131.<\/p>\n<p><span style=\"color: #0000ff;\">#Telegram_Kanal\u0131m\u0131z: https:\/\/t.me\/SuriyeArapHaberAjans<\/span><\/p>\n<div id=\"gallery-1\" class=\"gallery galleryid-257095 gallery-columns-3 gallery-size-full\"><\/div>\n","protected":false},"excerpt":{"rendered":"<p>\u0130\u015eGAL ED\u0130LEN KUD\u00dcS \u2013 \u0130srail i\u015fgal g\u00fc\u00e7leri, Bat\u0131 Yaka\u2019da 11 Filistinliyi tutuklad\u0131. Filistinli WAFA Haber Ajans\u0131, \u0130srail i\u015fgal g\u00fc\u00e7lerinin, i\u015fgal edilen Kud\u00fcs, Tulkarm ve El Halil kentlerinde birka\u00e7 mahalleye, Beyt Lahm\u2019daki Ayda kmp\u0131na ve Kalkila\u2019daki Kafar Kadum beldesine bask\u0131n d\u00fczenledi\u011fini belirtirken, 11 Filistinliyi tutuklad\u0131. #Telegram_Kanal\u0131m\u0131z: https:\/\/t.me\/SuriyeArapHaberAjans<\/p>\n","protected":false},"author":36,"featured_media":257114,"comment_status":"closed","ping_status":"closed","sticky":false,"template":"","format":"standard","meta":{"footnotes":""},"categories":[458,459,17988],"tags":[],"class_list":["post-257113","post","type-post","status-publish","format-standard","has-post-thumbnail","","category-dunya1","category-haberler-arap-uluslararasi-politika","category-son-haberler"],"_links":{"self":[{"href":"https:\/\/archive.sana.sy\/tr\/index.php?rest_route=\/wp\/v2\/posts\/257113","targetHints":{"allow":["GET"]}}],"collection":[{"href":"https:\/\/archive.sana.sy\/tr\/index.php?rest_route=\/wp\/v2\/posts"}],"about":[{"href":"https:\/\/archive.sana.sy\/tr\/index.php?rest_route=\/wp\/v2\/types\/post"}],"author":[{"embeddable":true,"href":"https:\/\/archive.sana.sy\/tr\/index.php?rest_route=\/wp\/v2\/users\/36"}],"replies":[{"embeddable":true,"href":"https:\/\/archive.sana.sy\/tr\/index.php?rest_route=%2Fwp%2Fv2%2Fcomments&post=257113"}],"version-history":[{"count":0,"href":"https:\/\/archive.sana.sy\/tr\/index.php?rest_route=\/wp\/v2\/posts\/257113\/revisions"}],"wp:featuredmedia":[{"embeddable":true,"href":"https:\/\/archive.sana.sy\/tr\/index.php?rest_route=\/wp\/v2\/media\/257114"}],"wp:attachment":[{"href":"https:\/\/archive.sana.sy\/tr\/index.php?rest_route=%2Fwp%2Fv2%2Fmedia&parent=257113"}],"wp:term":[{"taxonomy":"category","embeddable":true,"href":"https:\/\/archive.sana.sy\/tr\/index.php?rest_route=%2Fwp%2Fv2%2Fcategories&post=257113"},{"taxonomy":"post_tag","embeddable":true,"href":"https:\/\/archive.sana.sy\/tr\/index.php?rest_route=%2Fwp%2Fv2%2Ftags&post=257113"}],"curies":[{"name":"wp","href":"https:\/\/api.w.org\/{rel}","templated":true}]}}