{"id":257130,"date":"2022-06-16T08:40:09","date_gmt":"2022-06-16T05:40:09","guid":{"rendered":"http:\/\/107.6.182.27\/tr\/?p=257130"},"modified":"2022-06-17T09:00:07","modified_gmt":"2022-06-17T06:00:07","slug":"deyrezzor-sehrinde-bir-mayin-patladi-2-cocuk-yaralandi","status":"publish","type":"post","link":"https:\/\/archive.sana.sy\/tr\/?p=257130","title":{"rendered":"Deyrezzor \u015eehrinde Bir May\u0131n Patlad\u0131, 2 \u00c7ocuk Yaraland\u0131"},"content":{"rendered":"<p>DEYREZZOR \u2013 Deyrezzor \u015fehrinde yer alan El Ri\u015fdiye mahallesinde, \u201cI\u015e\u0130D\u201d ter\u00f6r gruplar\u0131ndan kalan bir may\u0131n\u0131n patlams\u0131 sonucunda 2 \u00e7ocuk yaraland\u0131.<\/p>\n<p>SANA Muhabiri, &#8220;I\u015e\u0130D\u201d ter\u00f6r gruplar\u0131ndan kalan bir may\u0131n\u0131n Deyrezzor \u015fehrinde yer alan El Ri\u015fdiye mahallesinde terk edilmi\u015f bir binan\u0131n yak\u0131n\u0131nda patlad\u0131\u011f\u0131n\u0131 belirtirken, bunun sonucunda iki \u00e7ocu\u011fun yaralad\u0131\u011f\u0131na i\u015faret etti.<\/p>\n<p><span style=\"color: #0000ff;\">#Telegram_Kanal\u0131m\u0131z: https:\/\/t.me\/SuriyeArapHaberAjans<\/span><\/p>\n","protected":false},"excerpt":{"rendered":"<p>DEYREZZOR \u2013 Deyrezzor \u015fehrinde yer alan El Ri\u015fdiye mahallesinde, \u201cI\u015e\u0130D\u201d ter\u00f6r gruplar\u0131ndan kalan bir may\u0131n\u0131n patlams\u0131 sonucunda 2 \u00e7ocuk yaraland\u0131. SANA Muhabiri, &#8220;I\u015e\u0130D\u201d ter\u00f6r gruplar\u0131ndan kalan bir may\u0131n\u0131n Deyrezzor \u015fehrinde yer alan El Ri\u015fdiye mahallesinde terk edilmi\u015f bir binan\u0131n yak\u0131n\u0131nda patlad\u0131\u011f\u0131n\u0131 belirtirken, bunun sonucunda iki \u00e7ocu\u011fun yaralad\u0131\u011f\u0131na i\u015faret etti. #Telegram_Kanal\u0131m\u0131z: https:\/\/t.me\/SuriyeArapHaberAjans<\/p>\n","protected":false},"author":36,"featured_media":257131,"comment_status":"closed","ping_status":"closed","sticky":false,"template":"","format":"standard","meta":{"footnotes":""},"categories":[479,575,17988,478],"tags":[],"class_list":["post-257130","post","type-post","status-publish","format-standard","has-post-thumbnail","","category-haberler-yerel","category-olaylar-ve-gercekler","category-son-haberler","category-yerel"],"_links":{"self":[{"href":"https:\/\/archive.sana.sy\/tr\/index.php?rest_route=\/wp\/v2\/posts\/257130","targetHints":{"allow":["GET"]}}],"collection":[{"href":"https:\/\/archive.sana.sy\/tr\/index.php?rest_route=\/wp\/v2\/posts"}],"about":[{"href":"https:\/\/archive.sana.sy\/tr\/index.php?rest_route=\/wp\/v2\/types\/post"}],"author":[{"embeddable":true,"href":"https:\/\/archive.sana.sy\/tr\/index.php?rest_route=\/wp\/v2\/users\/36"}],"replies":[{"embeddable":true,"href":"https:\/\/archive.sana.sy\/tr\/index.php?rest_route=%2Fwp%2Fv2%2Fcomments&post=257130"}],"version-history":[{"count":0,"href":"https:\/\/archive.sana.sy\/tr\/index.php?rest_route=\/wp\/v2\/posts\/257130\/revisions"}],"wp:featuredmedia":[{"embeddable":true,"href":"https:\/\/archive.sana.sy\/tr\/index.php?rest_route=\/wp\/v2\/media\/257131"}],"wp:attachment":[{"href":"https:\/\/archive.sana.sy\/tr\/index.php?rest_route=%2Fwp%2Fv2%2Fmedia&parent=257130"}],"wp:term":[{"taxonomy":"category","embeddable":true,"href":"https:\/\/archive.sana.sy\/tr\/index.php?rest_route=%2Fwp%2Fv2%2Fcategories&post=257130"},{"taxonomy":"post_tag","embeddable":true,"href":"https:\/\/archive.sana.sy\/tr\/index.php?rest_route=%2Fwp%2Fv2%2Ftags&post=257130"}],"curies":[{"name":"wp","href":"https:\/\/api.w.org\/{rel}","templated":true}]}}