{"id":257141,"date":"2022-06-16T08:45:04","date_gmt":"2022-06-16T05:45:04","guid":{"rendered":"http:\/\/107.6.182.27\/tr\/?p=257141"},"modified":"2022-06-17T09:00:10","modified_gmt":"2022-06-17T06:00:10","slug":"sana-kamerasi-amerikan-isgal-gucleri-tarafindan-yeni-bir-parti-suriye-petrolunun-calinmasini-belgeledi","status":"publish","type":"post","link":"https:\/\/archive.sana.sy\/tr\/?p=257141","title":{"rendered":"SANA \u0130\u015fgalci Amerika&#8217;n\u0131n Suriye Petrol\u00fcn\u00fc \u00c7ald\u0131\u011f\u0131n\u0131 Belgeliyor"},"content":{"rendered":"<p>HASEKE \u2013 SANA kameras\u0131, Amerikan i\u015fgal g\u00fc\u00e7lerinin yeni bir parti Suriye petrol\u00fcn\u00fc \u00e7ald\u0131\u011f\u0131n\u0131 ve bu sabah d\u00fczinelerce tanker arac\u0131l\u0131\u011f\u0131yla Irak topraklar\u0131ndaki \u00fcslerine ta\u015f\u0131d\u0131\u011f\u0131n\u0131 belgeledi.<\/p>\n<p><span style=\"color: #0000ff;\">#Telegram_Kanal\u0131m\u0131z: https:\/\/t.me\/SuriyeArapHaberAjans<\/span><\/p>\n<div id='gallery-1' class='gallery galleryid-257141 gallery-columns-1 gallery-size-full'><figure class='gallery-item'>\n\t\t\t<div class='gallery-icon landscape'>\n\t\t\t\t<a href='https:\/\/archive.sana.sy\/tr\/wp-content\/uploads\/2022\/06\/13-2.jpg'><img loading=\"lazy\" decoding=\"async\" width=\"660\" height=\"373\" src=\"https:\/\/archive.sana.sy\/tr\/wp-content\/uploads\/2022\/06\/13-2.jpg\" class=\"attachment-full size-full\" alt=\"\" srcset=\"https:\/\/archive.sana.sy\/tr\/wp-content\/uploads\/2022\/06\/13-2.jpg 660w, https:\/\/archive.sana.sy\/tr\/wp-content\/uploads\/2022\/06\/13-2-300x170.jpg 300w, https:\/\/archive.sana.sy\/tr\/wp-content\/uploads\/2022\/06\/13-2-150x85.jpg 150w\" sizes=\"auto, (max-width: 660px) 100vw, 660px\" \/><\/a>\n\t\t\t<\/div><\/figure>\n\t\t<\/div>\n\n","protected":false},"excerpt":{"rendered":"<p>HASEKE \u2013 SANA kameras\u0131, Amerikan i\u015fgal g\u00fc\u00e7lerinin yeni bir parti Suriye petrol\u00fcn\u00fc \u00e7ald\u0131\u011f\u0131n\u0131 ve bu sabah d\u00fczinelerce tanker arac\u0131l\u0131\u011f\u0131yla Irak topraklar\u0131ndaki \u00fcslerine ta\u015f\u0131d\u0131\u011f\u0131n\u0131 belgeledi. #Telegram_Kanal\u0131m\u0131z: https:\/\/t.me\/SuriyeArapHaberAjans<\/p>\n","protected":false},"author":36,"featured_media":257144,"comment_status":"closed","ping_status":"closed","sticky":false,"template":"","format":"standard","meta":{"footnotes":""},"categories":[479,575,17988,478],"tags":[],"class_list":["post-257141","post","type-post","status-publish","format-standard","has-post-thumbnail","","category-haberler-yerel","category-olaylar-ve-gercekler","category-son-haberler","category-yerel"],"_links":{"self":[{"href":"https:\/\/archive.sana.sy\/tr\/index.php?rest_route=\/wp\/v2\/posts\/257141","targetHints":{"allow":["GET"]}}],"collection":[{"href":"https:\/\/archive.sana.sy\/tr\/index.php?rest_route=\/wp\/v2\/posts"}],"about":[{"href":"https:\/\/archive.sana.sy\/tr\/index.php?rest_route=\/wp\/v2\/types\/post"}],"author":[{"embeddable":true,"href":"https:\/\/archive.sana.sy\/tr\/index.php?rest_route=\/wp\/v2\/users\/36"}],"replies":[{"embeddable":true,"href":"https:\/\/archive.sana.sy\/tr\/index.php?rest_route=%2Fwp%2Fv2%2Fcomments&post=257141"}],"version-history":[{"count":0,"href":"https:\/\/archive.sana.sy\/tr\/index.php?rest_route=\/wp\/v2\/posts\/257141\/revisions"}],"wp:featuredmedia":[{"embeddable":true,"href":"https:\/\/archive.sana.sy\/tr\/index.php?rest_route=\/wp\/v2\/media\/257144"}],"wp:attachment":[{"href":"https:\/\/archive.sana.sy\/tr\/index.php?rest_route=%2Fwp%2Fv2%2Fmedia&parent=257141"}],"wp:term":[{"taxonomy":"category","embeddable":true,"href":"https:\/\/archive.sana.sy\/tr\/index.php?rest_route=%2Fwp%2Fv2%2Fcategories&post=257141"},{"taxonomy":"post_tag","embeddable":true,"href":"https:\/\/archive.sana.sy\/tr\/index.php?rest_route=%2Fwp%2Fv2%2Ftags&post=257141"}],"curies":[{"name":"wp","href":"https:\/\/api.w.org\/{rel}","templated":true}]}}