{"id":257171,"date":"2022-06-16T23:26:00","date_gmt":"2022-06-16T20:26:00","guid":{"rendered":"http:\/\/107.6.182.27\/tr\/?p=257171"},"modified":"2022-06-18T09:09:13","modified_gmt":"2022-06-18T06:09:13","slug":"suriye-ve-rusya-koordinasyon-organlari-batinin-suriyeye-karsi-uygulamalari-krizi-uzatmak-multeci-ve-goc-ettirilmislerin-geri-donusunu-engellemeyi-amacliyor","status":"publish","type":"post","link":"https:\/\/archive.sana.sy\/tr\/?p=257171","title":{"rendered":"Suriye ve Rusya Koordinasyon Organlar\u0131: Bat\u0131&#8217;n\u0131n Suriye&#8217;ye Kar\u015f\u0131 Uygulamalar\u0131 Krizi Uzatmak, M\u00fclteci ve G\u00f6\u00e7 Ettirilmi\u015flerin Geri D\u00f6n\u00fc\u015f\u00fcn\u00fc Engellemeyi Ama\u00e7l\u0131yor"},"content":{"rendered":"<p style=\"text-align: justify;\">\u015eAM &#8211; Suriyeli m\u00fcltecilerin ve yerlerinden edilmi\u015f ki\u015filerin geri d\u00f6n\u00fc\u015f\u00fcne ili\u015fkin Suriye ve Rusya bakanl\u0131klar\u0131n\u0131n koordinasyon organlar\u0131, Bat\u0131l\u0131 \u00fclkelerin uygulamalar\u0131n\u0131n ve yasa d\u0131\u015f\u0131 cebri tedbirler almalar\u0131n\u0131n ve Suriye&#8217;ye y\u00f6nelik ku\u015fatmay\u0131 s\u0131k\u0131la\u015ft\u0131rmalar\u0131n\u0131n ve \u00fclkenin egemenli\u011fini ve toprak b\u00fct\u00fcnl\u00fc\u011f\u00fcn\u00fc ihlal etmelerinin, krizizn \u00f6mr\u00fcn\u00fc uzatmak,m\u00fcltecilerin ve yerlerinden edilmi\u015f ki\u015filerin anavatanlar\u0131na d\u00f6n\u00fc\u015f\u00fcn\u00fc engellemek oldu\u011funu belirtti.<\/p>\n<p style=\"text-align: justify;\">Heyetler, Suriyeli m\u00fcltecilerin ve yerlerinden edilmi\u015f ki\u015filerin d\u00f6n\u00fc\u015f\u00fc konulu uluslararas\u0131 konferans\u0131n devam\u0131 niteli\u011findeki d\u00f6rd\u00fcnc\u00fc toplant\u0131s\u0131n\u0131n sonunda yapt\u0131\u011f\u0131 ortak a\u00e7\u0131klamada \u015funlar\u0131 s\u00f6yledi: 16 Haziran&#8217;da, iki organ\u0131n bir oturumu d\u00fczenlendi ve \u00e7\u00f6z\u00fcm\u00fc uluslararas\u0131 toplumun e\u015fg\u00fcd\u00fcml\u00fc \u00e7abalar\u0131n\u0131 gerektiren \u00e7ok \u00e7e\u015fitli insani meseleler hakk\u0131nda g\u00f6r\u00fc\u015f al\u0131\u015fveri\u015finde bulundular. \u0130ki organ\u0131n ba\u015fkanlar\u0131n\u0131n, m\u00fcltecilerin anavatanlar\u0131na d\u00f6n\u00fc\u015f\u00fcn\u00fc destekleme konusunda Suriye-Rusya ortak faaliyetlerinin uygulanmas\u0131ndaki ilerlemeyi tart\u0131\u015ft\u0131\u011f\u0131n\u0131 ve \u00fclkede normal ya\u015fam\u0131n yeniden sa\u011flanmas\u0131na yard\u0131mc\u0131 olmak i\u00e7in gerekli ad\u0131mlar\u0131n at\u0131lmas\u0131 gere\u011fini belirtti.<\/p>\n<p style=\"text-align: justify;\">A\u00e7\u0131klamada, Suriyeli s\u0131\u011f\u0131nmac\u0131lar\u0131n insani sorunlar\u0131n\u0131n \u00e7\u00f6z\u00fcm\u00fcne y\u00f6nelik Suriye-Rusya i\u015fbirli\u011finin geli\u015ftirilmesi amac\u0131yla 13-17 Haziran tarihleri \u200b\u200baras\u0131nda Suriye&#8217;ye giden ortak Rus heyetine \u00e7al\u0131\u015fma ziyareti d\u00fczenlendi\u011fi ifade edilerek, bu \u00e7er\u00e7evede, iki \u00fclkedeki yetkililer aras\u0131nda e\u011fitim, k\u00fclt\u00fcrel miras ve end\u00fcstri geli\u015fimi alanlar\u0131nda i\u015fbirli\u011fini geli\u015ftirmek i\u00e7in ziyaret \u00e7al\u0131\u015fmalar\u0131 y\u00fcr\u00fct\u00fclmektedir, denildi.<\/p>\n<p style=\"text-align: justify;\">A\u00e7\u0131klamada, iki taraf\u0131n temsilcileri aras\u0131nda 33 ortak toplant\u0131 d\u00fczenlendi\u011fi ve Rusya b\u00f6lgelerinin ve \u00f6zel sekt\u00f6r de dahil olmak \u00fczere iki \u00fclke aras\u0131nda fayda sa\u011flayan \u00e7ok \u00e7e\u015fitli kar\u015f\u0131l\u0131kl\u0131 i\u015fbirli\u011fi y\u00f6n\u00fcnde do\u011frudan ve derinlemesine bir diyalog yap\u0131ld\u0131\u011f\u0131 belirtildi.<\/p>\n<p style=\"text-align: justify;\"><span style=\"color: #0000ff;\">Uzun Vadeli Stratejik Nitelikteki Suriye-Rusya \u0130\u015fbirli\u011finin Ana Y\u00f6nlerine \u0130li\u015fkin 23 Anla\u015fman\u0131n Haz\u0131rlanmas\u0131<\/span><\/p>\n<p style=\"text-align: justify;\">A\u00e7\u0131klamada, iki organ\u0131n, Suriye-Rusya i\u015fbirli\u011finin uzun vadeli stratejik nitelikteki ana y\u00f6nlerine ili\u015fkin Suriyeli ortaklarla 23 anla\u015fma imzalanmaya haz\u0131rland\u0131\u011f\u0131n\u0131 belirterek, Rusya&#8217;dan Suriyeli en muhta\u00e7 ailelere da\u011f\u0131t\u0131lmak \u00fczere 106 tondan fazla insani yard\u0131m sa\u011fland\u0131\u011f\u0131n\u0131 belirtti.<\/p>\n<p style=\"text-align: justify;\">\u0130ki organ, Birle\u015fmi\u015f Milletler&#8217;in temel ilkeleri temelinde uygulanan iki bakanl\u0131k koordinasyon organ\u0131n\u0131n etkin \u00e7al\u0131\u015fmalar\u0131 sayesinde, geri d\u00f6nen Suriyelilere gerekli t\u00fcm destek, g\u0131da, t\u0131bbi bak\u0131m ve yard\u0131m\u0131n sa\u011fland\u0131\u011f\u0131n\u0131 belirtti.<\/p>\n<p style=\"text-align: justify;\">\u0130ki organ, sava\u015ftan \u00f6nce m\u00fcltecilerin ikamet yerlerine geri d\u00f6nmelerine elveri\u015fli ko\u015fullar\u0131 korumak i\u00e7in Suriye h\u00fck\u00fcmetinin, Suriye vatanda\u015flar\u0131na ek olarak Suriye vatanda\u015flar\u0131 i\u00e7in yeni i\u015f f\u0131rsatlar\u0131 yaratmak i\u00e7in bir dizi \u00f6nlem uygulad\u0131\u011f\u0131na dikkat \u00e7ekti ve Suriye y\u00f6netiminin, ki\u015filerin \u00f6ld\u00fcr\u00fclmesine yol a\u00e7an davalar d\u0131\u015f\u0131nda, ter\u00f6r su\u00e7lar\u0131ndan h\u00fck\u00fcm giymi\u015f ki\u015filer i\u00e7in af \u00fczerinde \u00e7al\u0131\u015fmaya devam etti\u011fine dikkat \u00e7ekti.<\/p>\n<p style=\"text-align: justify;\"><span style=\"color: #0000ff;\">Amerikan \u0130\u015fgal G\u00fc\u00e7leri, Suriye Halk\u0131n\u0131 Ve Altyap\u0131s\u0131n\u0131 Hedef Almak \u0130\u00e7in, Ter\u00f6rist \u00c7eteleri Komutas\u0131na Ge\u00e7irmede El Tenf B\u00f6lgesinde Bulunan El Rukban Kamp\u0131n\u0131 Bir \u00dcs Olarak Kullan\u0131yor<\/span><\/p>\n<p style=\"text-align: justify;\">A\u00e7\u0131klamaya g\u00f6re, iki koordinasyon organ\u0131n\u0131n ortak oturumuna kat\u0131lanlar, Bat\u0131l\u0131 \u00fclkelerin Suriye halk\u0131 \u00fczerindeki ekonomik ku\u015fatmay\u0131 s\u0131k\u0131la\u015ft\u0131rmaya y\u00f6nelik uygulamalar\u0131n\u0131n, \u00fclkenin egemenli\u011fini ve toprak b\u00fct\u00fcnl\u00fc\u011f\u00fcn\u00fc ihlal eden, yasa d\u0131\u015f\u0131 zorlamalar dayatmaya y\u00f6nelik uygulamalar\u0131n\u0131n \u00f6nemli olumsuz etkilerine dikkat \u00e7ekti. ABD i\u015fgal g\u00fc\u00e7lerinin Al Tenf b\u00f6lgesinde bulunan Al Rukban kamp\u0131n\u0131 Suriye devletinin Suriye halk\u0131n\u0131 ve altyap\u0131s\u0131n\u0131 hedef almak i\u00e7in ter\u00f6r \u00e7etelerinin i\u015fe al\u0131nmas\u0131 i\u00e7in kulland\u0131\u011f\u0131n\u0131 belirterek, G\u0131da ve temel t\u0131bbi bak\u0131m eksikli\u011fi nedeniyle su\u00e7 oranlar\u0131n\u0131n artt\u0131\u011f\u0131 Haseke&#8217;deki Al Hol kamp\u0131nda, su\u00e7 unsurlar\u0131n\u0131n y\u0131l ba\u015f\u0131ndan bu yana 30&#8217;dan fazla ki\u015fiyi \u00f6ld\u00fcrd\u00fc\u011f\u00fcne dikkat \u00e7ekti.<\/p>\n<p style=\"text-align: justify;\">\u0130ki organ, ge\u00e7en ay\u0131n 9&#8217;u ve 10&#8217;u aras\u0131nda d\u00fczenlenen s\u00f6zde &#8220;Br\u00fcksel Konferans\u0131&#8221;nda ABD ve Bat\u0131&#8217;n\u0131n karar\u0131yla &#8220;muhalefet&#8221;e ve sivil toplum kurulu\u015flar\u0131na \u00e7ok b\u00fcy\u00fck mali kaynak ayr\u0131ld\u0131\u011f\u0131n\u0131, fonlar\u0131n a\u011f\u0131rl\u0131kl\u0131 olarak Suriye devletinin kontrol\u00fc alt\u0131nda olmayan b\u00f6lgelerde ve Ortado\u011fu \u00fclkelerinde Bat\u0131&#8217;n\u0131n ve ajanlar\u0131n\u0131n ara\u00e7lar\u0131n\u0131 desteklemeyi ama\u00e7layan programlarda kullan\u0131ld\u0131\u011f\u0131na, Bat\u0131&#8217;n\u0131n bu dar g\u00f6r\u00fc\u015fl\u00fc politikas\u0131n\u0131n, Suriye devletinin vatanda\u015flar\u0131n\u0131 her zaman arad\u0131\u011f\u0131n\u0131, L\u00fcbnan da dahil olmak \u00fczere s\u0131\u011f\u0131nma \u00fclkelerinde yayg\u0131n bir krize yol a\u00e7t\u0131\u011f\u0131na i\u015faret ederek, as\u0131l \u015fehirlerine ve k\u00f6ylerine geri d\u00f6nmeleri i\u00e7in \u00e7a\u011fr\u0131lar\u0131n\u0131 yineledi\u011fini dile getirdi.<\/p>\n<p style=\"text-align: justify;\">A\u00e7\u0131klamaya g\u00f6re, iki organ\u0131n ba\u015fkanlar\u0131, Bat\u0131&#8217;n\u0131n Suriyelilere insani yard\u0131m sa\u011flamak i\u00e7in s\u0131n\u0131r \u00f6tesi mekanizmalar\u0131 kullanmas\u0131n\u0131n, \u015fimdiye kadar devletin kontrol\u00fc alt\u0131nda olmayan b\u00f6lgelerde ter\u00f6rist gruplar\u0131n sponsorlu\u011funa izin verdi\u011fini ve bunun da ter\u00f6re katk\u0131da bulundu\u011funu vurgulad\u0131.<\/p>\n","protected":false},"excerpt":{"rendered":"<p>\u015eAM &#8211; Suriyeli m\u00fcltecilerin ve yerlerinden edilmi\u015f ki\u015filerin geri d\u00f6n\u00fc\u015f\u00fcne ili\u015fkin Suriye ve Rusya bakanl\u0131klar\u0131n\u0131n koordinasyon organlar\u0131, Bat\u0131l\u0131 \u00fclkelerin uygulamalar\u0131n\u0131n ve yasa d\u0131\u015f\u0131 cebri tedbirler almalar\u0131n\u0131n ve Suriye&#8217;ye y\u00f6nelik ku\u015fatmay\u0131 s\u0131k\u0131la\u015ft\u0131rmalar\u0131n\u0131n ve \u00fclkenin egemenli\u011fini ve toprak b\u00fct\u00fcnl\u00fc\u011f\u00fcn\u00fc ihlal etmelerinin, krizizn \u00f6mr\u00fcn\u00fc uzatmak,m\u00fcltecilerin ve yerlerinden edilmi\u015f ki\u015filerin anavatanlar\u0131na d\u00f6n\u00fc\u015f\u00fcn\u00fc engellemek oldu\u011funu belirtti. Heyetler, Suriyeli m\u00fcltecilerin ve &hellip;<\/p>\n","protected":false},"author":1,"featured_media":257172,"comment_status":"closed","ping_status":"closed","sticky":false,"template":"","format":"standard","meta":{"footnotes":""},"categories":[479,17988,478],"tags":[],"class_list":["post-257171","post","type-post","status-publish","format-standard","has-post-thumbnail","","category-haberler-yerel","category-son-haberler","category-yerel"],"_links":{"self":[{"href":"https:\/\/archive.sana.sy\/tr\/index.php?rest_route=\/wp\/v2\/posts\/257171","targetHints":{"allow":["GET"]}}],"collection":[{"href":"https:\/\/archive.sana.sy\/tr\/index.php?rest_route=\/wp\/v2\/posts"}],"about":[{"href":"https:\/\/archive.sana.sy\/tr\/index.php?rest_route=\/wp\/v2\/types\/post"}],"author":[{"embeddable":true,"href":"https:\/\/archive.sana.sy\/tr\/index.php?rest_route=\/wp\/v2\/users\/1"}],"replies":[{"embeddable":true,"href":"https:\/\/archive.sana.sy\/tr\/index.php?rest_route=%2Fwp%2Fv2%2Fcomments&post=257171"}],"version-history":[{"count":0,"href":"https:\/\/archive.sana.sy\/tr\/index.php?rest_route=\/wp\/v2\/posts\/257171\/revisions"}],"wp:featuredmedia":[{"embeddable":true,"href":"https:\/\/archive.sana.sy\/tr\/index.php?rest_route=\/wp\/v2\/media\/257172"}],"wp:attachment":[{"href":"https:\/\/archive.sana.sy\/tr\/index.php?rest_route=%2Fwp%2Fv2%2Fmedia&parent=257171"}],"wp:term":[{"taxonomy":"category","embeddable":true,"href":"https:\/\/archive.sana.sy\/tr\/index.php?rest_route=%2Fwp%2Fv2%2Fcategories&post=257171"},{"taxonomy":"post_tag","embeddable":true,"href":"https:\/\/archive.sana.sy\/tr\/index.php?rest_route=%2Fwp%2Fv2%2Ftags&post=257171"}],"curies":[{"name":"wp","href":"https:\/\/api.w.org\/{rel}","templated":true}]}}